{"id":82,"date":"2025-01-08T22:35:02","date_gmt":"2025-01-09T01:35:02","guid":{"rendered":"https:\/\/tecnicidades.org\/?p=82"},"modified":"2025-09-18T08:30:19","modified_gmt":"2025-09-18T11:30:19","slug":"os-trolebus","status":"publish","type":"post","link":"https:\/\/tecnicidades.org\/?p=82","title":{"rendered":"Os tr\u00f3lebus"},"content":{"rendered":"\n<p class=\"is-style-default\"><sub>35 minutos de leitura<\/sub><\/p>\n\n\n\n<p>Em vias de completar 76 anos os tr\u00f3lebus de S\u00e3o Paulo t\u00eam bastante a nos ensinar e fazer refletir sobre a cidade, sobre pol\u00edticas p\u00fablicas e sobre nossa rela\u00e7\u00e3o com a tecnologia. Mesmo com todas as dificuldades, o sistema \u2013 em conjunto com o do ABC Paulista \u2013 ainda \u00e9 o maior da Am\u00e9rica Latina, por\u00e9m n\u00e3o tanto pelo seu sucesso mas sim pelo descaso e desmonte de seus pares em outros pa\u00edses que tamb\u00e9m chegaram a ter tantos ve\u00edculos e com redes t\u00e3o abrangentes quanto as nossas.<\/p>\n\n\n\n<figure class=\"wp-block-image size-full\"><img loading=\"lazy\" decoding=\"async\" width=\"640\" height=\"480\" src=\"https:\/\/tecnicidades.org\/wp-content\/uploads\/2025\/01\/urbanuss.jpg\" alt=\"\" class=\"wp-image-84\" srcset=\"https:\/\/tecnicidades.org\/wp-content\/uploads\/2025\/01\/urbanuss.jpg 640w, https:\/\/tecnicidades.org\/wp-content\/uploads\/2025\/01\/urbanuss-300x225.jpg 300w\" sizes=\"auto, (max-width: 640px) 100vw, 640px\" \/><figcaption class=\"wp-element-caption\">Tr\u00f3lebus Busscar Urbanuss Pluss LF<br>Foto: Bruno Kozeniauskas<\/figcaption><\/figure>\n\n\n\n<p>Mas antes de falar sobre o tr\u00f3lebus no presente, e de apresentar o futuro deles, precisamos voltar no tempo e explicar, o que \u00e9 um tr\u00f3lebus, no fim das contas?&nbsp;<\/p>\n\n\n\n<p style=\"border-style:none;border-width:0px;border-radius:0px;padding-top:0;padding-right:0;padding-bottom:0;padding-left:0\">A resposta curta seria a de que um tr\u00f3lebus \u00e9 um \u00f4nibus el\u00e9trico alimentado por fios suspensos no ar, atrav\u00e9s de uma alavanca que \u00e9 pressionada para cima com o uso de molas ou pist\u00f5es. Mas para entendermos o contexto de cada aplica\u00e7\u00e3o dos tr\u00f3lebus pelas cidades ao redor do mundo temos que ir al\u00e9m de defini\u00e7\u00f5es b\u00e1sicas.<\/p>\n\n\n\n<p class=\"is-style-default has-large-font-size\" style=\"border-style:none;border-width:0px;padding-top:0;padding-right:0;padding-bottom:0;padding-left:var(--wp--preset--spacing--50)\"><br><a href=\"https:\/\/tecnicidades.org\/?p=82#passado\" data-type=\"post\" data-id=\"82\">Passado<\/a><br><a href=\"https:\/\/tecnicidades.org\/?p=82#tecnologia\" data-type=\"post\" data-id=\"82\">Tecnologia<\/a><br><a href=\"https:\/\/tecnicidades.org\/?p=82#asfalto\">Vem-se o asfalto, vai-se o trilho.<\/a><br><a href=\"https:\/\/tecnicidades.org\/?p=82#mundo\">No mundo<\/a><br><a href=\"https:\/\/tecnicidades.org\/?p=82#folego\">Novo f\u00f4lego<\/a><br><a href=\"https:\/\/tecnicidades.org\/?p=82#crise\">Crise<\/a><br><a href=\"https:\/\/tecnicidades.org\/?p=82#presente\">Presente<\/a><br><a href=\"https:\/\/tecnicidades.org\/?p=82#baterias\">A revolu\u00e7\u00e3o das baterias<\/a><br><a href=\"https:\/\/tecnicidades.org\/?p=82#ponta\" data-type=\"link\" data-id=\"https:\/\/tecnicidades.org\/?p=82#ponta\">O tr\u00f3lebus de ponta<\/a><br><a href=\"https:\/\/tecnicidades.org\/?p=82#futuro\" data-type=\"link\" data-id=\"https:\/\/tecnicidades.org\/?p=82#futuro\">Futuro<\/a><\/p>\n\n\n\n<!--more-->\n\n\n\n<p style=\"border-style:none;border-width:0px;border-radius:0px;padding-top:0;padding-right:0;padding-bottom:0;padding-left:0\"><br><\/p>\n\n\n\n<p id=\"passado\"><strong>Passado<\/strong><\/p>\n\n\n\n<p>Sua inven\u00e7\u00e3o se deu no fim do s\u00e9culo XIX, mas a aplica\u00e7\u00e3o no formato que conhecemos hoje se intensificou na primeira metade do s\u00e9culo XX. O motor a combust\u00e3o interna n\u00e3o estava refinado ainda, e essa \u00e9 uma quest\u00e3o diretamente relacionada com a necessidade dos tr\u00f3lebus em primeiro lugar.<\/p>\n\n\n\n<p>Ao longo do s\u00e9culo XIX o transporte p\u00fablico se dava ou por carro\u00e7as puxadas a cavalos que naquela \u00e9poca j\u00e1 faziam linhas regulares e pela europa j\u00e1 havia convencionado chamar de \u201c<em>Omnibus\u201d<\/em>, ou por bondes que deslizando com pouco atrito sobre trilhos, poderiam ser muito mais pesados e carregar muito mais gente usando o mesmo n\u00famero de cavalos.<\/p>\n\n\n\n<div class=\"wp-block-columns is-layout-flex wp-container-core-columns-is-layout-28f84493 wp-block-columns-is-layout-flex\">\n<div class=\"wp-block-column is-layout-flow wp-block-column-is-layout-flow\">\n<figure class=\"wp-block-image size-full is-resized\"><img loading=\"lazy\" decoding=\"async\" width=\"800\" height=\"652\" src=\"https:\/\/tecnicidades.org\/wp-content\/uploads\/2025\/01\/omnibus.jpg\" alt=\"\" class=\"wp-image-85\" style=\"width:236px;height:auto\" srcset=\"https:\/\/tecnicidades.org\/wp-content\/uploads\/2025\/01\/omnibus.jpg 800w, https:\/\/tecnicidades.org\/wp-content\/uploads\/2025\/01\/omnibus-300x245.jpg 300w, https:\/\/tecnicidades.org\/wp-content\/uploads\/2025\/01\/omnibus-768x626.jpg 768w\" sizes=\"auto, (max-width: 800px) 100vw, 800px\" \/><figcaption class=\"wp-element-caption\">Omnibus no final do s\u00e9culo XIX<br>Dom\u00ednio p\u00fablico<\/figcaption><\/figure>\n<\/div>\n\n\n\n<div class=\"wp-block-column is-layout-flow wp-block-column-is-layout-flow\">\n<figure class=\"wp-block-image size-full\"><img loading=\"lazy\" decoding=\"async\" width=\"998\" height=\"625\" src=\"https:\/\/tecnicidades.org\/wp-content\/uploads\/2025\/01\/horsecar.jpg\" alt=\"\" class=\"wp-image-86\" srcset=\"https:\/\/tecnicidades.org\/wp-content\/uploads\/2025\/01\/horsecar.jpg 998w, https:\/\/tecnicidades.org\/wp-content\/uploads\/2025\/01\/horsecar-300x188.jpg 300w, https:\/\/tecnicidades.org\/wp-content\/uploads\/2025\/01\/horsecar-768x481.jpg 768w\" sizes=\"auto, (max-width: 998px) 100vw, 998px\" \/><figcaption class=\"wp-element-caption\">Bonde puxado por cavalos em Londres<br>Dom\u00ednio p\u00fablico<\/figcaption><\/figure>\n<\/div>\n<\/div>\n\n\n\n<p>Com o refinamento do motor a vapor a possibilidade tanto de um \u201cOmnibus\u201d quanto de um bonde autopropelido havia sido experimentada, mas mesmo no final do s\u00e9culo XIX isso ainda era complexo, pesado e caro, e por isso sua ado\u00e7\u00e3o fora restrita. A eletricidade mudou tudo.<\/p>\n\n\n\n<div class=\"wp-block-columns is-layout-flex wp-container-core-columns-is-layout-28f84493 wp-block-columns-is-layout-flex\">\n<div class=\"wp-block-column is-layout-flow wp-block-column-is-layout-flow\" style=\"flex-basis:33.33%\">\n<figure class=\"wp-block-image size-full\"><img loading=\"lazy\" decoding=\"async\" width=\"500\" height=\"612\" src=\"https:\/\/tecnicidades.org\/wp-content\/uploads\/2025\/01\/steambus.jpg\" alt=\"\" class=\"wp-image-87\" srcset=\"https:\/\/tecnicidades.org\/wp-content\/uploads\/2025\/01\/steambus.jpg 500w, https:\/\/tecnicidades.org\/wp-content\/uploads\/2025\/01\/steambus-245x300.jpg 245w\" sizes=\"auto, (max-width: 500px) 100vw, 500px\" \/><figcaption class=\"wp-element-caption\">\u00d4nibus a vapor em 1898<br>Dom\u00ednio p\u00fablico<\/figcaption><\/figure>\n<\/div>\n\n\n\n<div class=\"wp-block-column is-layout-flow wp-block-column-is-layout-flow\" style=\"flex-basis:66.66%\">\n<figure class=\"wp-block-image alignright size-full is-resized\"><img loading=\"lazy\" decoding=\"async\" width=\"600\" height=\"405\" src=\"https:\/\/tecnicidades.org\/wp-content\/uploads\/2025\/01\/steamtram-1.jpg\" alt=\"\" class=\"wp-image-89\" style=\"width:359px;height:auto\" srcset=\"https:\/\/tecnicidades.org\/wp-content\/uploads\/2025\/01\/steamtram-1.jpg 600w, https:\/\/tecnicidades.org\/wp-content\/uploads\/2025\/01\/steamtram-1-300x203.jpg 300w\" sizes=\"auto, (max-width: 600px) 100vw, 600px\" \/><figcaption class=\"wp-element-caption\">Bonde a vapor em Estocolmo no fim do s\u00e9culo XIX<br>Dom\u00ednio p\u00fablico<\/figcaption><\/figure>\n<\/div>\n<\/div>\n\n\n\n<p>Na virada do s\u00e9culo a eletrifica\u00e7\u00e3o como meio permitiu que o motor a vapor fosse movido para uma casa de for\u00e7a dedicada na qual tamanho e peso n\u00e3o seriam empecilhos. Com m\u00e1quinas maiores temos tamb\u00e9m as efici\u00eancias advindas pela escala. Nos ve\u00edculos em s\u00ed ficariam pequenos, leves e simples motores el\u00e9tricos que permitiriam uma flexibilidade muito maior em sua constru\u00e7\u00e3o.<\/p>\n\n\n\n<p id=\"tecnologia\"><strong>Tecnologia<\/strong><\/p>\n\n\n\n<p>Para coletar a corrente el\u00e9trica em movimento, muitas t\u00e9cnicas foram inventadas e testadas: sapatas correndo em trilhos energizados ou ent\u00e3o arcos, pant\u00f3grafos, alavancas ou roldanas fazendo press\u00e3o vertical em fios. O processo de converg\u00eancia tecnol\u00f3gica culminou na Europa usando coletores em formato de arco para seus bondes que se convencionou a chamar de \u201c<em>tram<\/em>\u201d, e na Am\u00e9rica do Norte, onde seus bondes s\u00e3o chamados de &#8220;<em>trolley&#8221;<\/em>, o uso de alavancas com a sapata coletora deslizando pelo fio passou a ser tido como padr\u00e3o. Elas passaram a ser conhecidas como <em>&#8220;trolley pole&#8221;<\/em>.<\/p>\n\n\n\n<div class=\"wp-block-columns is-layout-flex wp-container-core-columns-is-layout-28f84493 wp-block-columns-is-layout-flex\">\n<div class=\"wp-block-column is-layout-flow wp-block-column-is-layout-flow\"><\/div>\n\n\n\n<div class=\"wp-block-column is-layout-flow wp-block-column-is-layout-flow\"><\/div>\n<\/div>\n\n\n\n<div class=\"wp-block-columns is-layout-flex wp-container-core-columns-is-layout-28f84493 wp-block-columns-is-layout-flex\">\n<div class=\"wp-block-column is-layout-flow wp-block-column-is-layout-flow\">\n<figure class=\"wp-block-image size-full\"><img loading=\"lazy\" decoding=\"async\" width=\"1024\" height=\"683\" src=\"https:\/\/tecnicidades.org\/wp-content\/uploads\/2025\/01\/trolleywheel.jpg\" alt=\"\" class=\"wp-image-90\" srcset=\"https:\/\/tecnicidades.org\/wp-content\/uploads\/2025\/01\/trolleywheel.jpg 1024w, https:\/\/tecnicidades.org\/wp-content\/uploads\/2025\/01\/trolleywheel-300x200.jpg 300w, https:\/\/tecnicidades.org\/wp-content\/uploads\/2025\/01\/trolleywheel-768x512.jpg 768w\" sizes=\"auto, (max-width: 1024px) 100vw, 1024px\" \/><figcaption class=\"wp-element-caption\">Roldana coletora<br>Foto: Ben Franske<\/figcaption><\/figure>\n<\/div>\n\n\n\n<div class=\"wp-block-column is-layout-flow wp-block-column-is-layout-flow\">\n<figure class=\"wp-block-image aligncenter size-full is-resized\"><img loading=\"lazy\" decoding=\"async\" width=\"342\" height=\"400\" src=\"https:\/\/tecnicidades.org\/wp-content\/uploads\/2025\/01\/trolley_shoe.png\" alt=\"\" class=\"wp-image-91\" style=\"width:107px;height:auto\" srcset=\"https:\/\/tecnicidades.org\/wp-content\/uploads\/2025\/01\/trolley_shoe.png 342w, https:\/\/tecnicidades.org\/wp-content\/uploads\/2025\/01\/trolley_shoe-257x300.png 257w\" sizes=\"auto, (max-width: 342px) 100vw, 342px\" \/><figcaption class=\"wp-element-caption\">Sapata coletora<br>Foto: <a href=\"https:\/\/bc.transportaction.ca\/learning\/technology\/electric-trolley-buses\/electric-vehicle-technology\/\">Transport Action British Columbia<\/a><\/figcaption><\/figure>\n<\/div>\n\n\n\n<div class=\"wp-block-column is-layout-flow wp-block-column-is-layout-flow\">\n<figure class=\"wp-block-image size-full\"><img loading=\"lazy\" decoding=\"async\" width=\"1000\" height=\"750\" src=\"https:\/\/tecnicidades.org\/wp-content\/uploads\/2025\/01\/trolleypole.jpg\" alt=\"\" class=\"wp-image-92\" srcset=\"https:\/\/tecnicidades.org\/wp-content\/uploads\/2025\/01\/trolleypole.jpg 1000w, https:\/\/tecnicidades.org\/wp-content\/uploads\/2025\/01\/trolleypole-300x225.jpg 300w, https:\/\/tecnicidades.org\/wp-content\/uploads\/2025\/01\/trolleypole-768x576.jpg 768w\" sizes=\"auto, (max-width: 1000px) 100vw, 1000px\" \/><figcaption class=\"wp-element-caption\">Alavanca de bonde<br>Dom\u00ednio p\u00fablico<\/figcaption><\/figure>\n<\/div>\n<\/div>\n\n\n\n<p>A diferen\u00e7a sendo que pant\u00f3grafos e coletores de arco tem uma liberdade de movimento apenas vertical que \u00e9 necess\u00e1rio para fazer press\u00e3o no fio logo acima e manter um contato el\u00e9trico consistente, por\u00e9m tendo uma \u00e1rea de contato larga, n\u00e3o exige a capacidade de movimento lateral para acompanhar o fio. Sem o risco de escapar do fio, hoje \u00e9 o m\u00e9todo preferido para ve\u00edculos que trafegam em uma rota predeterminada como no caso de ve\u00edculos sobre trilhos.<\/p>\n\n\n\n<div class=\"wp-block-columns is-layout-flex wp-container-core-columns-is-layout-28f84493 wp-block-columns-is-layout-flex\">\n<div class=\"wp-block-column is-layout-flow wp-block-column-is-layout-flow\" style=\"flex-basis:25%\">\n<figure class=\"wp-block-image size-large is-resized\"><img loading=\"lazy\" decoding=\"async\" width=\"683\" height=\"1024\" src=\"https:\/\/tecnicidades.org\/wp-content\/uploads\/2025\/01\/bowcollector-683x1024.jpg\" alt=\"\" class=\"wp-image-94\" style=\"width:122px;height:auto\" srcset=\"https:\/\/tecnicidades.org\/wp-content\/uploads\/2025\/01\/bowcollector-683x1024.jpg 683w, https:\/\/tecnicidades.org\/wp-content\/uploads\/2025\/01\/bowcollector-200x300.jpg 200w, https:\/\/tecnicidades.org\/wp-content\/uploads\/2025\/01\/bowcollector-768x1152.jpg 768w, https:\/\/tecnicidades.org\/wp-content\/uploads\/2025\/01\/bowcollector.jpg 800w\" sizes=\"auto, (max-width: 683px) 100vw, 683px\" \/><figcaption class=\"wp-element-caption\">Coletor de arco<br>Foto: CC BY-SA Rs1421<\/figcaption><\/figure>\n<\/div>\n\n\n\n<div class=\"wp-block-column is-layout-flow wp-block-column-is-layout-flow\" style=\"flex-basis:50%\">\n<figure class=\"wp-block-image size-full\"><img loading=\"lazy\" decoding=\"async\" width=\"640\" height=\"425\" src=\"https:\/\/tecnicidades.org\/wp-content\/uploads\/2025\/01\/pantografo.jpeg\" alt=\"\" class=\"wp-image-95\" srcset=\"https:\/\/tecnicidades.org\/wp-content\/uploads\/2025\/01\/pantografo.jpeg 640w, https:\/\/tecnicidades.org\/wp-content\/uploads\/2025\/01\/pantografo-300x199.jpeg 300w\" sizes=\"auto, (max-width: 640px) 100vw, 640px\" \/><figcaption class=\"wp-element-caption\">Pant\u00f3grafo bal\u00e3o tradicional<br>Foto: CC BY-SA Audrius Meskauskas<\/figcaption><\/figure>\n<\/div>\n\n\n\n<div class=\"wp-block-column is-layout-flow wp-block-column-is-layout-flow\" style=\"flex-basis:25%\">\n<figure class=\"wp-block-image size-full\"><a href=\"https:\/\/www.wabteccorp.com\/transit-rail\/power-collection\/roof-mounted-pantographs\"><img loading=\"lazy\" decoding=\"async\" width=\"320\" height=\"438\" src=\"https:\/\/tecnicidades.org\/wp-content\/uploads\/2025\/01\/faiveley.jpg\" alt=\"\" class=\"wp-image-96\" srcset=\"https:\/\/tecnicidades.org\/wp-content\/uploads\/2025\/01\/faiveley.jpg 320w, https:\/\/tecnicidades.org\/wp-content\/uploads\/2025\/01\/faiveley-219x300.jpg 219w\" sizes=\"auto, (max-width: 320px) 100vw, 320px\" \/><\/a><figcaption class=\"wp-element-caption\">Pant\u00f3grafo Faiveley<br>Foto: <a href=\"https:\/\/www.wabteccorp.com\/transit-rail\/power-collection\/roof-mounted-pantographs\">Wabtec Corporation <\/a><\/figcaption><\/figure>\n<\/div>\n<\/div>\n\n\n\n<div class=\"wp-block-columns is-layout-flex wp-container-core-columns-is-layout-28f84493 wp-block-columns-is-layout-flex\">\n<div class=\"wp-block-column is-layout-flow wp-block-column-is-layout-flow\"><\/div>\n\n\n\n<div class=\"wp-block-column is-layout-flow wp-block-column-is-layout-flow\"><\/div>\n\n\n\n<div class=\"wp-block-column is-layout-flow wp-block-column-is-layout-flow\"><\/div>\n<\/div>\n\n\n\n<p>Alavancas por sua vez tem uma liberdade de movimento muito maior, sendo basicamente uma barra que tem como piv\u00f4 o teto do ve\u00edculo com uma mola que pressiona-a para cima mas tamb\u00e9m permite movimentos laterais. Na outra ponta vai um coletor de carbono ou uma roldana que possui um sulco que encaixa diretamente no fio, deslizando por ele como se fosse um trilho de ponta cabe\u00e7a. Isso abre a possibilidade de uma maior flexibilidade na constru\u00e7\u00e3o da rede a\u00e9rea que n\u00e3o necessita seguir um gabarito preciso com o fio correndo exatamente acima dos trilhos.<\/p>\n\n\n\n<p>No caso de ve\u00edculos sobre trilhos, o retorno da energia se d\u00e1 pelo pr\u00f3prio trilho met\u00e1lico que por estar aterrado no solo tem potencial neutro, n\u00e3o representando nenhum risco aos transeuntes. O positivo, tipicamente a 600 ou 750 volts em corrente cont\u00ednua \u00e9 fornecido pelo fio logo acima.<\/p>\n\n\n\n<figure class=\"wp-block-image size-full is-resized\"><img loading=\"lazy\" decoding=\"async\" width=\"420\" height=\"192\" src=\"https:\/\/tecnicidades.org\/wp-content\/uploads\/2025\/01\/dcsupply.jpg\" alt=\"\" class=\"wp-image-97\" style=\"width:645px;height:auto\" srcset=\"https:\/\/tecnicidades.org\/wp-content\/uploads\/2025\/01\/dcsupply.jpg 420w, https:\/\/tecnicidades.org\/wp-content\/uploads\/2025\/01\/dcsupply-300x137.jpg 300w\" sizes=\"auto, (max-width: 420px) 100vw, 420px\" \/><figcaption class=\"wp-element-caption\">Esquema el\u00e9trico simplificado da alimenta\u00e7\u00e3o de uma linha de bondes<br>Diagrama: <em>Construction and Equipment of Electric Tramways and Railways<\/em> (1923)<\/figcaption><\/figure>\n\n\n\n<p>Com essas tecnologias o bonde el\u00e9trico se multiplicou em centros urbanos ao redor do mundo e foi nesse in\u00edcio do s\u00e9culo XX que tamb\u00e9m surgiram os primeiros tr\u00f3lebus com alavancas, como conhecemos hoje. Pela semelhan\u00e7a com os j\u00e1 existentes <em>trolleys<\/em>, acabou pegando o nome <em>trolleybus <\/em>que foi aportuguesado para <em>troleibus <\/em>e por conseguinte, tr\u00f3lebus.<\/p>\n\n\n\n<div class=\"wp-block-columns is-layout-flex wp-container-core-columns-is-layout-28f84493 wp-block-columns-is-layout-flex\">\n<div class=\"wp-block-column is-layout-flow wp-block-column-is-layout-flow\">\n<figure class=\"wp-block-image size-full\"><img loading=\"lazy\" decoding=\"async\" width=\"778\" height=\"591\" src=\"https:\/\/tecnicidades.org\/wp-content\/uploads\/2025\/01\/electromote.jpg\" alt=\"\" class=\"wp-image-99\" srcset=\"https:\/\/tecnicidades.org\/wp-content\/uploads\/2025\/01\/electromote.jpg 778w, https:\/\/tecnicidades.org\/wp-content\/uploads\/2025\/01\/electromote-300x228.jpg 300w, https:\/\/tecnicidades.org\/wp-content\/uploads\/2025\/01\/electromote-768x583.jpg 768w\" sizes=\"auto, (max-width: 778px) 100vw, 778px\" \/><figcaption class=\"wp-element-caption\">Electromote de Werner Von Siemens.<br>Tido como primeiro \u00f4nibus el\u00e9trico da hist\u00f3ria, essa prova de conceito rodou por alguns meses de 1882. Repare que o m\u00e9todo de coleta de corrente ainda era primitivo.<br>Dom\u00ednio p\u00fablico<\/figcaption><\/figure>\n<\/div>\n\n\n\n<div class=\"wp-block-column is-layout-flow wp-block-column-is-layout-flow\">\n<figure class=\"wp-block-image size-full is-resized\"><img loading=\"lazy\" decoding=\"async\" width=\"480\" height=\"400\" src=\"https:\/\/tecnicidades.org\/wp-content\/uploads\/2025\/01\/tracklesstrolley.jpg\" alt=\"\" class=\"wp-image-98\" style=\"width:272px;height:auto\" srcset=\"https:\/\/tecnicidades.org\/wp-content\/uploads\/2025\/01\/tracklesstrolley.jpg 480w, https:\/\/tecnicidades.org\/wp-content\/uploads\/2025\/01\/tracklesstrolley-300x250.jpg 300w\" sizes=\"auto, (max-width: 480px) 100vw, 480px\" \/><figcaption class=\"wp-element-caption\">\u00d4nibus el\u00e9trico londrino no final dos anos 1910. As alavancas como a conhecemos ainda n\u00e3o havia se consolidado.<br>Dom\u00ednio p\u00fablico<\/figcaption><\/figure>\n<\/div>\n<\/div>\n\n\n\n<p>Por rodar sem trilhos \u00e9 necess\u00e1rio dois fios, um para o positivo e o outro para o negativo, e por ser um \u00f4nibus com a capacidade de ester\u00e7ar, desviando de obst\u00e1culos ou encostando na lateral da via, a alavanca seria a \u00fanica forma de manter um contato consistente com os fios. Estamos falando verdadeiramente de uma tecnologia com pouco mais de 100 anos de idade.<\/p>\n\n\n\n<div class=\"wp-block-columns is-layout-flex wp-container-core-columns-is-layout-28f84493 wp-block-columns-is-layout-flex\">\n<div class=\"wp-block-column is-layout-flow wp-block-column-is-layout-flow\">\n<figure class=\"wp-block-image size-full\"><img loading=\"lazy\" decoding=\"async\" width=\"800\" height=\"620\" src=\"https:\/\/tecnicidades.org\/wp-content\/uploads\/2025\/01\/earlytrolleybus.jpg\" alt=\"\" class=\"wp-image-100\" srcset=\"https:\/\/tecnicidades.org\/wp-content\/uploads\/2025\/01\/earlytrolleybus.jpg 800w, https:\/\/tecnicidades.org\/wp-content\/uploads\/2025\/01\/earlytrolleybus-300x233.jpg 300w, https:\/\/tecnicidades.org\/wp-content\/uploads\/2025\/01\/earlytrolleybus-768x595.jpg 768w\" sizes=\"auto, (max-width: 800px) 100vw, 800px\" \/><figcaption class=\"wp-element-caption\">Tr\u00f3lebus em Keighley no Reino Unido em 1924, j\u00e1 com alavancas semelhantes ao que conhecemos hoje.<br>Dom\u00ednio p\u00fablico<\/figcaption><\/figure>\n<\/div>\n\n\n\n<div class=\"wp-block-column is-layout-flow wp-block-column-is-layout-flow\">\n<figure class=\"wp-block-image size-large\"><img loading=\"lazy\" decoding=\"async\" width=\"1024\" height=\"647\" src=\"https:\/\/tecnicidades.org\/wp-content\/uploads\/2025\/01\/earlytrolleybus2-1024x647.jpg\" alt=\"\" class=\"wp-image-101\" srcset=\"https:\/\/tecnicidades.org\/wp-content\/uploads\/2025\/01\/earlytrolleybus2-1024x647.jpg 1024w, https:\/\/tecnicidades.org\/wp-content\/uploads\/2025\/01\/earlytrolleybus2-300x190.jpg 300w, https:\/\/tecnicidades.org\/wp-content\/uploads\/2025\/01\/earlytrolleybus2-768x485.jpg 768w, https:\/\/tecnicidades.org\/wp-content\/uploads\/2025\/01\/earlytrolleybus2.jpg 1200w\" sizes=\"auto, (max-width: 1024px) 100vw, 1024px\" \/><figcaption class=\"wp-element-caption\">Tr\u00f3lebus em Singapura em 1930<br>Dom\u00ednio p\u00fablico<\/figcaption><\/figure>\n<\/div>\n<\/div>\n\n\n\n<p>Sem a necessidade de fazer grandes interven\u00e7\u00f5es nas vias para a instala\u00e7\u00e3o de trilhos, os tr\u00f3lebus foram se popularizando como uma alternativa tecnol\u00f3gica aos bondes, em muitas cidades sendo instalados ambos os sistemas, por\u00e9m logo o tr\u00f3lebus demonstrou uma vantagem incontest\u00e1vel.<\/p>\n\n\n\n<p>O mesmo coeficiente de atrito do metal que antes permitiam cavalos puxarem grandes bondes, agora serviam de empecilho para os potentes e torcudos motores el\u00e9tricos propulsionarem os bondes, agora mais pesados, morro acima.<\/p>\n\n\n\n<p>Por usar pneus de borracha em contato direto com o cal\u00e7amento, sua performance em ladeiras o tornou a solu\u00e7\u00e3o ideal em rotas de percurso muito acidentado. O torque instant\u00e2neo do motor el\u00e9trico tamb\u00e9m permitia fortes acelera\u00e7\u00f5es no plano.&nbsp;<\/p>\n\n\n\n<figure class=\"wp-block-image size-full\"><img loading=\"lazy\" decoding=\"async\" width=\"634\" height=\"480\" src=\"https:\/\/tecnicidades.org\/wp-content\/uploads\/2025\/01\/trolebussubindo.jpg\" alt=\"\" class=\"wp-image-102\" srcset=\"https:\/\/tecnicidades.org\/wp-content\/uploads\/2025\/01\/trolebussubindo.jpg 634w, https:\/\/tecnicidades.org\/wp-content\/uploads\/2025\/01\/trolebussubindo-300x227.jpg 300w\" sizes=\"auto, (max-width: 634px) 100vw, 634px\" \/><figcaption class=\"wp-element-caption\">Tr\u00f3lebus subindo ladeira em Dunedin na Nova Zel\u00e2ndia, 1955<br>Foto: Revista Free Lance<\/figcaption><\/figure>\n\n\n\n<p>Por\u00e9m tamb\u00e9m foi nesse in\u00edcio do s\u00e9culo XX que as equa\u00e7\u00f5es que ditam a viabilidade econ\u00f4mica dos bondes e tr\u00f3lebus come\u00e7aram a mudar.&nbsp;<\/p>\n\n\n\n<p>Paralelamente, na primeira d\u00e9cada do s\u00e9culo XX o carro el\u00e9trico com baterias de chumbo-\u00e1cido ainda era o mais vendido, mas na segunda d\u00e9cada o motor a gasolina j\u00e1 era mais flex\u00edvel, e dado as limita\u00e7\u00f5es das baterias da \u00e9poca j\u00e1 eram mais potentes e com recursos que ofereciam conveni\u00eancia similar, como o motor de arranque que dispensava a partida manual com manivela.<\/p>\n\n\n\n<div class=\"wp-block-columns is-layout-flex wp-container-core-columns-is-layout-28f84493 wp-block-columns-is-layout-flex\">\n<div class=\"wp-block-column is-layout-flow wp-block-column-is-layout-flow\">\n<figure class=\"wp-block-image size-full\"><img loading=\"lazy\" decoding=\"async\" width=\"862\" height=\"485\" src=\"https:\/\/tecnicidades.org\/wp-content\/uploads\/2025\/01\/carroeletrico.jpg\" alt=\"\" class=\"wp-image-103\" srcset=\"https:\/\/tecnicidades.org\/wp-content\/uploads\/2025\/01\/carroeletrico.jpg 862w, https:\/\/tecnicidades.org\/wp-content\/uploads\/2025\/01\/carroeletrico-300x169.jpg 300w, https:\/\/tecnicidades.org\/wp-content\/uploads\/2025\/01\/carroeletrico-768x432.jpg 768w\" sizes=\"auto, (max-width: 862px) 100vw, 862px\" \/><figcaption class=\"wp-element-caption\">Carro el\u00e9trico e seu carregador dom\u00e9stico no inicio de 1900&#8217;s<br>Foto: Corbis\/Hall of Electrical History Foundation<\/figcaption><\/figure>\n<\/div>\n\n\n\n<div class=\"wp-block-column is-layout-flow wp-block-column-is-layout-flow\">\n<figure class=\"wp-block-image size-full is-resized\"><img loading=\"lazy\" decoding=\"async\" width=\"926\" height=\"720\" src=\"https:\/\/tecnicidades.org\/wp-content\/uploads\/2025\/01\/modelot.jpeg\" alt=\"\" class=\"wp-image-104\" style=\"width:222px;height:auto\" srcset=\"https:\/\/tecnicidades.org\/wp-content\/uploads\/2025\/01\/modelot.jpeg 926w, https:\/\/tecnicidades.org\/wp-content\/uploads\/2025\/01\/modelot-300x233.jpeg 300w, https:\/\/tecnicidades.org\/wp-content\/uploads\/2025\/01\/modelot-768x597.jpeg 768w\" sizes=\"auto, (max-width: 926px) 100vw, 926px\" \/><figcaption class=\"wp-element-caption\">Ford Modelo T em seu lan\u00e7amento em 1915, veiculo a gasolina pratico e s\u00edmbolo da motoriza\u00e7\u00e3o das massas<br>Dom\u00ednio p\u00fablico <\/figcaption><\/figure>\n<\/div>\n<\/div>\n\n\n\n<p>Os \u00f4nibus a gasolina tamb\u00e9m come\u00e7aram a se popularizar nesse cen\u00e1rio, mas com motores primitivos e de baixo torque os tr\u00f3lebus e bondes continuaram tendo papel central dado sua performance superior.<\/p>\n\n\n\n<p>Apenas quando chegamos na d\u00e9cada de trinta, com o refinamento do motor a diesel, os \u00f4nibus a combust\u00e3o interna poderiam crescer e competir diretamente com os, agora inconvenientes, bondes.<\/p>\n\n\n\n<div class=\"wp-block-columns is-layout-flex wp-container-core-columns-is-layout-28f84493 wp-block-columns-is-layout-flex\">\n<div class=\"wp-block-column is-layout-flow wp-block-column-is-layout-flow\">\n<figure class=\"wp-block-image size-full\"><img loading=\"lazy\" decoding=\"async\" width=\"600\" height=\"424\" src=\"https:\/\/tecnicidades.org\/wp-content\/uploads\/2025\/01\/motorbus.jpg\" alt=\"\" class=\"wp-image-107\" srcset=\"https:\/\/tecnicidades.org\/wp-content\/uploads\/2025\/01\/motorbus.jpg 600w, https:\/\/tecnicidades.org\/wp-content\/uploads\/2025\/01\/motorbus-300x212.jpg 300w\" sizes=\"auto, (max-width: 600px) 100vw, 600px\" \/><figcaption class=\"wp-element-caption\">\u00d4nibus a gasolina em Burnley no Reino Unido em 1900&#8217;s<br>Foto: The Keasbury-Gordon Photograph Archive<br><\/figcaption><\/figure>\n<\/div>\n\n\n\n<div class=\"wp-block-column is-layout-flow wp-block-column-is-layout-flow\">\n<figure class=\"wp-block-image size-full\"><img loading=\"lazy\" decoding=\"async\" width=\"600\" height=\"324\" src=\"https:\/\/tecnicidades.org\/wp-content\/uploads\/2025\/01\/onibusdiesel.jpg\" alt=\"\" class=\"wp-image-108\" srcset=\"https:\/\/tecnicidades.org\/wp-content\/uploads\/2025\/01\/onibusdiesel.jpg 600w, https:\/\/tecnicidades.org\/wp-content\/uploads\/2025\/01\/onibusdiesel-300x162.jpg 300w\" sizes=\"auto, (max-width: 600px) 100vw, 600px\" \/><figcaption class=\"wp-element-caption\">\u00d4nibus diesel em Detroit na d\u00e9cada de 40<br>Foto: <a href=\"https:\/\/www.detroittransithistory.info\/PhotoGalley\/Photos1940sA.html\">Detroit Transit History<\/a><\/figcaption><\/figure>\n<\/div>\n<\/div>\n\n\n\n<p id=\"asfalto\"><strong>Vem-se o asfalto, vai-se o trilho.<\/strong><\/p>\n\n\n\n<p>O carro precisava de espa\u00e7o e nessa toada muitas cidades ao redor do mundo desmantelaram seus sistemas de bondes que eram vistos como inimigos da boa fluidez do tr\u00e1fego. A manuten\u00e7\u00e3o mais complexa dos trilhos, o desejo de asfaltar vias de paralelep\u00edpedo, e a readequa\u00e7\u00e3o do vi\u00e1rio para contar com bin\u00e1rios de ruas de m\u00e3o \u00fanica acabou resultando na substitui\u00e7\u00e3o dos bondes por \u00f4nibus a diesel e em algumas ocasi\u00f5es pelo tr\u00f3lebus.\u00a0<\/p>\n\n\n\n<div class=\"wp-block-columns is-layout-flex wp-container-core-columns-is-layout-28f84493 wp-block-columns-is-layout-flex\">\n<div class=\"wp-block-column is-layout-flow wp-block-column-is-layout-flow\">\n<figure class=\"wp-block-image size-full\"><img loading=\"lazy\" decoding=\"async\" width=\"720\" height=\"720\" src=\"https:\/\/tecnicidades.org\/wp-content\/uploads\/2025\/01\/planodeavenidas.jpg\" alt=\"\" class=\"wp-image-109\" srcset=\"https:\/\/tecnicidades.org\/wp-content\/uploads\/2025\/01\/planodeavenidas.jpg 720w, https:\/\/tecnicidades.org\/wp-content\/uploads\/2025\/01\/planodeavenidas-300x300.jpg 300w, https:\/\/tecnicidades.org\/wp-content\/uploads\/2025\/01\/planodeavenidas-150x150.jpg 150w\" sizes=\"auto, (max-width: 720px) 100vw, 720px\" \/><figcaption class=\"wp-element-caption\">Plano de avenidas do Prestes Maia.<br>Mapa: <em>Prestes Maia e as origens do Urbanismo moderno em S\u00e3o Paulo<\/em>. Benedito Lima de Toledo (2005).<\/figcaption><\/figure>\n<\/div>\n\n\n\n<div class=\"wp-block-column is-layout-flow wp-block-column-is-layout-flow\">\n<figure class=\"wp-block-image size-full\"><img loading=\"lazy\" decoding=\"async\" width=\"796\" height=\"550\" src=\"https:\/\/tecnicidades.org\/wp-content\/uploads\/2025\/01\/bondesp.jpg\" alt=\"\" class=\"wp-image-110\" srcset=\"https:\/\/tecnicidades.org\/wp-content\/uploads\/2025\/01\/bondesp.jpg 796w, https:\/\/tecnicidades.org\/wp-content\/uploads\/2025\/01\/bondesp-300x207.jpg 300w, https:\/\/tecnicidades.org\/wp-content\/uploads\/2025\/01\/bondesp-768x531.jpg 768w\" sizes=\"auto, (max-width: 796px) 100vw, 796px\" \/><figcaption class=\"wp-element-caption\">S\u00edmbolo do atraso e visto por muitos como empecilho ao transito, bonde de S\u00e3o Paulo j\u00e1 nas m\u00e3os da CMTC nas imedia\u00e7\u00f5es da Liberdade.<br>Foto: Allan Berner. 1964.<\/figcaption><\/figure>\n<\/div>\n<\/div>\n\n\n\n<p>Pela similaridade do sistema de coleta de corrente, em muitos casos foi apenas removido os trilhos e reconfigurado a rede a\u00e9rea para ter um fio a mais. Foi nessa S\u00e3o Paulo do <em><a href=\"https:\/\/pt.wikipedia.org\/wiki\/Plano_de_Avenidas_de_S%C3%A3o_Paulo\">Plano de Avenidas do Prestes Maia<\/a><\/em> que a desativa\u00e7\u00e3o dos bondes toma curso com a cria\u00e7\u00e3o da CMTC: Companhia Municipal de Transportes Coletivos, como o nome sugere, uma estatal municipal, que fora criada a fim de assumir os ativos relacionados ao transporte p\u00fablico da gigantesca <em>S\u00e3o Paulo Tramway Light and Power Company<\/em>, monop\u00f3lio canadense respons\u00e1vel pelos bondes e pela eletricidade da capital at\u00e9 ent\u00e3o.<\/p>\n\n\n\n<p>Por\u00e9m, a mesma CMTC que organizou o desmonte dos bondes tamb\u00e9m fez os estudos e a execu\u00e7\u00e3o da implanta\u00e7\u00e3o do sistema tr\u00f3lebus para sua substitui\u00e7\u00e3o, e \u00e9 aqui que finalmente chegamos no dia 22 de abril de 1949 com a inaugura\u00e7\u00e3o da ent\u00e3o linha que ligava a pra\u00e7a Jo\u00e3o Mendes no centro de S\u00e3o Paulo com o sinuoso e acidentado bairro da Aclima\u00e7\u00e3o, de popula\u00e7\u00e3o de perfil de classe m\u00e9dia. Menos lembrado, por\u00e9m, \u00e9 a desativa\u00e7\u00e3o dos bondes que serviam o bairro pouco depois dessa inaugura\u00e7\u00e3o.<\/p>\n\n\n\n<figure class=\"wp-block-embed is-type-video is-provider-youtube wp-block-embed-youtube wp-embed-aspect-4-3 wp-has-aspect-ratio\"><div class=\"wp-block-embed__wrapper\">\n<iframe loading=\"lazy\" title=\"A Luta pelo Transporte em S\u00e3o Paulo\" width=\"500\" height=\"375\" src=\"https:\/\/www.youtube.com\/embed\/shQSWIumUU8?feature=oembed\" frameborder=\"0\" allow=\"accelerometer; autoplay; clipboard-write; encrypted-media; gyroscope; picture-in-picture; web-share\" referrerpolicy=\"strict-origin-when-cross-origin\" allowfullscreen><\/iframe>\n<\/div><\/figure>\n\n\n\n<p>Em 1954 \u00e9 inaugurado a rede a\u00e9rea que atenderia o afluente bairro de Higien\u00f3polis e do Pacaembu. Hoje essa linha \u00e9 a 408A-10, Cardoso de Almeida (na ponta do Pacaembu) \u2013 Machado de Assis (na ponta da Aclima\u00e7\u00e3o), atravessando o centro da cidade.&nbsp;<\/p>\n\n\n\n<figure class=\"wp-block-image size-large\"><img loading=\"lazy\" decoding=\"async\" width=\"1024\" height=\"655\" src=\"https:\/\/tecnicidades.org\/wp-content\/uploads\/2025\/01\/acfbrill-1024x655.jpg\" alt=\"\" class=\"wp-image-113\" srcset=\"https:\/\/tecnicidades.org\/wp-content\/uploads\/2025\/01\/acfbrill-1024x655.jpg 1024w, https:\/\/tecnicidades.org\/wp-content\/uploads\/2025\/01\/acfbrill-300x192.jpg 300w, https:\/\/tecnicidades.org\/wp-content\/uploads\/2025\/01\/acfbrill-768x491.jpg 768w, https:\/\/tecnicidades.org\/wp-content\/uploads\/2025\/01\/acfbrill.jpg 1080w\" sizes=\"auto, (max-width: 1024px) 100vw, 1024px\" \/><figcaption class=\"wp-element-caption\">Tr\u00f3lebus ACF Brill no viaduto Santa Ifigenia na d\u00e9cada de 50<br>Foto: Acervo SPTrans<br><\/figcaption><\/figure>\n\n\n\n<p>Recomendo fortemente ir de metr\u00f4 at\u00e9 a esta\u00e7\u00e3o Rep\u00fablica a fim de passear pela galeria do Copan e do Edif\u00edcio It\u00e1lia e dali pegar esse tr\u00f3lebus no ponto da Avenida S\u00e3o Lu\u00eds, conhecendo esse trajeto e finalmente descendo no pequeno mas simp\u00e1tico parque da Aclima\u00e7\u00e3o, poucos pontos antes do final. \u00c9 um passeio agrad\u00e1vel e familiar e \u00e9 um bom contato com a tecnologia para quem tem a curiosidade.<\/p>\n\n\n\n<figure class=\"wp-block-image size-full\"><img loading=\"lazy\" decoding=\"async\" width=\"692\" height=\"973\" src=\"https:\/\/tecnicidades.org\/wp-content\/uploads\/2025\/01\/passeio.jpg\" alt=\"\" class=\"wp-image-111\" srcset=\"https:\/\/tecnicidades.org\/wp-content\/uploads\/2025\/01\/passeio.jpg 692w, https:\/\/tecnicidades.org\/wp-content\/uploads\/2025\/01\/passeio-213x300.jpg 213w\" sizes=\"auto, (max-width: 692px) 100vw, 692px\" \/><\/figure>\n\n\n\n<p><br>Ao longo dos anos 50 e 60 os tr\u00f3lebus em S\u00e3o Paulo foram expandidos, muitas vezes substituindo linhas de bondes mas tamb\u00e9m levando o transporte el\u00e9trico onde antes ele n\u00e3o chegava, e contando como vantagem um custo de opera\u00e7\u00e3o competitivo devido a energia hidrel\u00e9trica barata, em contraposi\u00e7\u00e3o ao elevado pre\u00e7o do combust\u00edvel importado.<\/p>\n\n\n\n<p>Em 1968 \u00e9 encerrada a \u00faltima linha de bondes da capital que corria ao longo do que seria hoje a Avenida Ibirapuera e Vereador Jos\u00e9 Diniz, ligando o Largo 13 em Santo Amaro com o Instituto Biol\u00f3gico na Vila Mariana. Essa foi a \u00faltima linha de bondes a ser constru\u00edda e hoje teria um padr\u00e3o de VLT, com tra\u00e7ado plano e retil\u00edneo no centro de uma larga avenida. Por\u00e9m se engana quem acha que essa \u00e9 uma quest\u00e3o local.<\/p>\n\n\n\n<figure class=\"wp-block-image size-full\"><img loading=\"lazy\" decoding=\"async\" width=\"604\" height=\"397\" src=\"https:\/\/tecnicidades.org\/wp-content\/uploads\/2025\/01\/bondesantoamaro.jpg\" alt=\"\" class=\"wp-image-112\" srcset=\"https:\/\/tecnicidades.org\/wp-content\/uploads\/2025\/01\/bondesantoamaro.jpg 604w, https:\/\/tecnicidades.org\/wp-content\/uploads\/2025\/01\/bondesantoamaro-300x197.jpg 300w\" sizes=\"auto, (max-width: 604px) 100vw, 604px\" \/><figcaption class=\"wp-element-caption\">Bonde de Santo Amaro<br>Foto: Ayrton Camargo e Silva<\/figcaption><\/figure>\n\n\n\n<p id=\"mundo\"><strong>No mundo<\/strong><\/p>\n\n\n\n<p>O mesmo ocorreu no mundo todo quase que ao mesmo tempo, mas principalmente nas Am\u00e9ricas. A Europa e a Uni\u00e3o Sovi\u00e9tica no p\u00f3s-guerra tiveram seu momento de reflex\u00e3o e resolveram se reestruturar.<\/p>\n\n\n\n<p>Com o petr\u00f3leo caro e muita infraestrutura j\u00e1 existente, no geral optou-se pela manuten\u00e7\u00e3o dos sistemas de bondes. No frenesi modernista dos anos 60 muitos sistemas foram enxugados em prol do autom\u00f3vel, por\u00e9m bondes em corredores arteriais no geral foram mantidos e a Europa hoje est\u00e1 em uma posi\u00e7\u00e3o melhor por conta disso.<\/p>\n\n\n\n<p>Os tr\u00f3lebus na Europa tiveram seu boom nos anos 50 e 60 mas n\u00e3o foram t\u00e3o felizes quanto os bondes e muitos foram desmantelados antes de chegar nos anos 2000.<\/p>\n\n\n\n<div class=\"wp-block-columns is-layout-flex wp-container-core-columns-is-layout-28f84493 wp-block-columns-is-layout-flex\">\n<div class=\"wp-block-column is-layout-flow wp-block-column-is-layout-flow\">\n<figure class=\"wp-block-image size-large\"><img loading=\"lazy\" decoding=\"async\" width=\"1024\" height=\"683\" src=\"https:\/\/tecnicidades.org\/wp-content\/uploads\/2025\/01\/trolebusfrances-1024x683.jpg\" alt=\"\" class=\"wp-image-114\" srcset=\"https:\/\/tecnicidades.org\/wp-content\/uploads\/2025\/01\/trolebusfrances-1024x683.jpg 1024w, https:\/\/tecnicidades.org\/wp-content\/uploads\/2025\/01\/trolebusfrances-300x200.jpg 300w, https:\/\/tecnicidades.org\/wp-content\/uploads\/2025\/01\/trolebusfrances-768x512.jpg 768w, https:\/\/tecnicidades.org\/wp-content\/uploads\/2025\/01\/trolebusfrances-1536x1024.jpg 1536w, https:\/\/tecnicidades.org\/wp-content\/uploads\/2025\/01\/trolebusfrances.jpg 1920w\" sizes=\"auto, (max-width: 1024px) 100vw, 1024px\" \/><figcaption class=\"wp-element-caption\">Tr\u00f3lebus franc\u00eas V\u00e9tra rodando em Grenoble em 1965. Originalmente do sistema parisiense.<br>Foto: CC BY-SA Jean-Henri Manara<\/figcaption><\/figure>\n<\/div>\n\n\n\n<div class=\"wp-block-column is-layout-flow wp-block-column-is-layout-flow\">\n<figure class=\"wp-block-image size-large\"><img loading=\"lazy\" decoding=\"async\" width=\"1024\" height=\"683\" src=\"https:\/\/tecnicidades.org\/wp-content\/uploads\/2025\/01\/zurichmuseum-1024x683.jpg\" alt=\"\" class=\"wp-image-115\" srcset=\"https:\/\/tecnicidades.org\/wp-content\/uploads\/2025\/01\/zurichmuseum-1024x683.jpg 1024w, https:\/\/tecnicidades.org\/wp-content\/uploads\/2025\/01\/zurichmuseum-300x200.jpg 300w, https:\/\/tecnicidades.org\/wp-content\/uploads\/2025\/01\/zurichmuseum-768x512.jpg 768w, https:\/\/tecnicidades.org\/wp-content\/uploads\/2025\/01\/zurichmuseum.jpg 1536w\" sizes=\"auto, (max-width: 1024px) 100vw, 1024px\" \/><figcaption class=\"wp-element-caption\">Bondes articulados sui\u00e7os da d\u00e9cada de 60 no museu dos transportes de Zurique<br>Foto: Christoph Wehrli<\/figcaption><\/figure>\n<\/div>\n<\/div>\n\n\n\n<p>Do outro lado da cortina de ferro, por conta da eletricidade barata devido \u00e0s hidrel\u00e9tricas e mais tarde usinas nucleares, e para conservar petr\u00f3leo para fins de exporta\u00e7\u00e3o, a prioridade sempre foi do uso da tra\u00e7\u00e3o el\u00e9trica.<\/p>\n\n\n\n<p>Grandes cidades planejadas com largas avenidas, altos e extensivos blocos residenciais em concreto pr\u00e9 moldado e com tr\u00f3lebus servindo de transporte articulador passaram a pipocar em todo o bloco sovi\u00e9tico, especialmente em pa\u00edses do Pacto de Vars\u00f3via. Hoje o leste europeu e a R\u00fassia contam com a maior quantidade de sistemas de tr\u00f3lebus ainda em opera\u00e7\u00e3o no mundo, sendo um gigantesco mercado que impulsiona muito da inova\u00e7\u00e3o nessa tecnologia.<\/p>\n\n\n\n<div class=\"wp-block-columns is-layout-flex wp-container-core-columns-is-layout-28f84493 wp-block-columns-is-layout-flex\">\n<div class=\"wp-block-column is-layout-flow wp-block-column-is-layout-flow\">\n<figure class=\"wp-block-image size-full\"><img loading=\"lazy\" decoding=\"async\" width=\"1024\" height=\"694\" src=\"https:\/\/tecnicidades.org\/wp-content\/uploads\/2025\/01\/trolebusbulgaria.jpg\" alt=\"\" class=\"wp-image-116\" srcset=\"https:\/\/tecnicidades.org\/wp-content\/uploads\/2025\/01\/trolebusbulgaria.jpg 1024w, https:\/\/tecnicidades.org\/wp-content\/uploads\/2025\/01\/trolebusbulgaria-300x203.jpg 300w, https:\/\/tecnicidades.org\/wp-content\/uploads\/2025\/01\/trolebusbulgaria-768x521.jpg 768w\" sizes=\"auto, (max-width: 1024px) 100vw, 1024px\" \/><figcaption class=\"wp-element-caption\">Tr\u00f3lebus NAW em frente a um bloco residencial de concreto pr\u00e9-moldado na Bulgaria<br>Foto: CC BY-SA Alexander B. \/ TheBulgarianRail<\/figcaption><\/figure>\n<\/div>\n\n\n\n<div class=\"wp-block-column is-layout-flow wp-block-column-is-layout-flow\">\n<figure class=\"wp-block-image size-full\"><img loading=\"lazy\" decoding=\"async\" width=\"800\" height=\"651\" src=\"https:\/\/tecnicidades.org\/wp-content\/uploads\/2025\/01\/brezhnevka.jpg\" alt=\"\" class=\"wp-image-117\" srcset=\"https:\/\/tecnicidades.org\/wp-content\/uploads\/2025\/01\/brezhnevka.jpg 800w, https:\/\/tecnicidades.org\/wp-content\/uploads\/2025\/01\/brezhnevka-300x244.jpg 300w, https:\/\/tecnicidades.org\/wp-content\/uploads\/2025\/01\/brezhnevka-768x625.jpg 768w\" sizes=\"auto, (max-width: 800px) 100vw, 800px\" \/><figcaption class=\"wp-element-caption\">Tr\u00f3lebus circulando em bairro planejado ainda em constru\u00e7\u00e3o. Volgodonsk, 1977.<br>Foto: Acervo do Museu Ecologico-Hist\u00f3rico de Volgodonsk<\/figcaption><\/figure>\n<\/div>\n<\/div>\n\n\n\n<p id=\"folego\"><strong>Novo f\u00f4lego<\/strong><\/p>\n\n\n\n<p>Com a crise do petr\u00f3leo de 1973 ocorre um novo interesse mundial pela tecnologia que em S\u00e3o Paulo se manifesta atrav\u00e9s do plano SISTRAN. Esse planejava modernizar e expandir o sistema a fim de diminuir a depend\u00eancia do petr\u00f3leo mas tamb\u00e9m de articular os transportes que ainda contavam com bastante fragmenta\u00e7\u00e3o dado a quantidade de linhas e de companhias operando na cidade. Corredores de \u00f4nibus, conceito inventado em Curitiba, foram tamb\u00e9m constru\u00eddos e eletrificados em S\u00e3o Paulo, especialmente o da Av. Paes de Barros, da Mooca, ainda operando (Linha 3160-10), e o da Av Santo Amaro, em eixo pr\u00f3ximo ao do antigo bonde (Linha 6500-10), hoje rodando com ve\u00edculos a diesel.<\/p>\n\n\n\n<div class=\"wp-block-columns is-layout-flex wp-container-core-columns-is-layout-28f84493 wp-block-columns-is-layout-flex\">\n<div class=\"wp-block-column is-layout-flow wp-block-column-is-layout-flow\">\n<figure class=\"wp-block-image size-large\"><img loading=\"lazy\" decoding=\"async\" width=\"1024\" height=\"670\" src=\"https:\/\/tecnicidades.org\/wp-content\/uploads\/2025\/01\/corredor-paes-de-barros-1024x670.jpg\" alt=\"\" class=\"wp-image-118\" srcset=\"https:\/\/tecnicidades.org\/wp-content\/uploads\/2025\/01\/corredor-paes-de-barros-1024x670.jpg 1024w, https:\/\/tecnicidades.org\/wp-content\/uploads\/2025\/01\/corredor-paes-de-barros-300x196.jpg 300w, https:\/\/tecnicidades.org\/wp-content\/uploads\/2025\/01\/corredor-paes-de-barros-768x502.jpg 768w, https:\/\/tecnicidades.org\/wp-content\/uploads\/2025\/01\/corredor-paes-de-barros.jpg 1208w\" sizes=\"auto, (max-width: 1024px) 100vw, 1024px\" \/><figcaption class=\"wp-element-caption\">Tr\u00f3lebus circulando no novo corredor da avenida Paes de Barros<br>Foto: Allen Morrison<\/figcaption><\/figure>\n<\/div>\n\n\n\n<div class=\"wp-block-column is-layout-flow wp-block-column-is-layout-flow\">\n<figure class=\"wp-block-image size-full\"><img loading=\"lazy\" decoding=\"async\" width=\"780\" height=\"592\" src=\"https:\/\/tecnicidades.org\/wp-content\/uploads\/2025\/01\/sistran.jpg\" alt=\"\" class=\"wp-image-119\" srcset=\"https:\/\/tecnicidades.org\/wp-content\/uploads\/2025\/01\/sistran.jpg 780w, https:\/\/tecnicidades.org\/wp-content\/uploads\/2025\/01\/sistran-300x228.jpg 300w, https:\/\/tecnicidades.org\/wp-content\/uploads\/2025\/01\/sistran-768x583.jpg 768w\" sizes=\"auto, (max-width: 780px) 100vw, 780px\" \/><figcaption class=\"wp-element-caption\">Mapa da rede de tr\u00f3lebus projetada<br>Mapa: CMTC<\/figcaption><\/figure>\n<\/div>\n<\/div>\n\n\n\n<p>Muito mais foi planejado mas n\u00e3o chegou a ser executado. Os ve\u00edculos melhoraram muito em conforto e qualidade de rodagem, usando do aprendizado do Projeto Padron, conjunto de pesquisas orquestrado pelo GEIPOT, Grupo Executivo de Integra\u00e7\u00e3o da Pol\u00edtica de Transportes, estatal do tempo da ditadura que servia de articulador de planejamento urbano.&nbsp;<\/p>\n\n\n\n<p>Devo pontuar que n\u00e3o h\u00e1 espa\u00e7o aqui para saudosismo da ditadura, mas \u00e9 dever do estado pesquisar, estudar e articular pol\u00edticas p\u00fablicas entre os poderes federal, estadual, municipal e tamb\u00e9m com o setor privado, para melhor atender as necessidades dos seus cidad\u00e3os e os interesses da na\u00e7\u00e3o. \u00c9 de fato mais f\u00e1cil faz\u00ea-lo em um regime autocr\u00e1tico, mas tamb\u00e9m n\u00e3o \u00e9 desculpa pra n\u00e3o se esfor\u00e7ar, e no que tange a transporte p\u00fablico o processo da redemocratiza\u00e7\u00e3o deixou um v\u00e1cuo tremendo nessa quest\u00e3o. O governo federal precisa se envolver mais, os governos estaduais precisam contribuir, e os munic\u00edpios precisam estar receptivos e colaborarem. Empresas como GEIPOT e EBTU (Empresa Brasileira de Transportes Urbanos) muito fizeram nesse sentido em suas \u00e9pocas.<\/p>\n\n\n\n<p>O GEIPOT no fim da d\u00e9cada de 70 realizou pesquisas e estudos visando encontrar um conjunto carroceria-chassis adequado para o transporte coletivo contempor\u00e2neo visto o que j\u00e1 existia mundo afora no momento. Esse seria o projeto Padron. A situa\u00e7\u00e3o local era calamitosa dado que os \u00f4nibus eram literalmente encarro\u00e7ados em chassis de caminh\u00e3o, com motor dianteiro e longarinas muito altas tornando o embarque inconveniente.<\/p>\n\n\n\n<div class=\"wp-block-columns is-layout-flex wp-container-core-columns-is-layout-28f84493 wp-block-columns-is-layout-flex\">\n<div class=\"wp-block-column is-layout-flow wp-block-column-is-layout-flow\">\n<figure class=\"wp-block-image size-full\"><img loading=\"lazy\" decoding=\"async\" width=\"696\" height=\"629\" src=\"https:\/\/tecnicidades.org\/wp-content\/uploads\/2025\/01\/mblp.jpg\" alt=\"\" class=\"wp-image-120\" srcset=\"https:\/\/tecnicidades.org\/wp-content\/uploads\/2025\/01\/mblp.jpg 696w, https:\/\/tecnicidades.org\/wp-content\/uploads\/2025\/01\/mblp-300x271.jpg 300w\" sizes=\"auto, (max-width: 696px) 100vw, 696px\" \/><figcaption class=\"wp-element-caption\">Caminh\u00e3o Mercedez Benz LP<br>Foto: Tibor Jablonsky, Mauricio Coelho Vieira<\/figcaption><\/figure>\n<\/div>\n\n\n\n<div class=\"wp-block-column is-layout-flow wp-block-column-is-layout-flow\">\n<figure class=\"wp-block-image size-full\"><img loading=\"lazy\" decoding=\"async\" width=\"638\" height=\"450\" src=\"https:\/\/tecnicidades.org\/wp-content\/uploads\/2025\/01\/caiojaragua.jpg\" alt=\"\" class=\"wp-image-121\" srcset=\"https:\/\/tecnicidades.org\/wp-content\/uploads\/2025\/01\/caiojaragua.jpg 638w, https:\/\/tecnicidades.org\/wp-content\/uploads\/2025\/01\/caiojaragua-300x212.jpg 300w\" sizes=\"auto, (max-width: 638px) 100vw, 638px\" \/><figcaption class=\"wp-element-caption\">Carroceria Caio Jaragua encarro\u00e7ado sobre chassis Mercedez Benz LP, o mesmo do caminh\u00e3o ao lado.<br>Foto: S\u00e9rgio Martire<\/figcaption><\/figure>\n<\/div>\n<\/div>\n\n\n\n<p>Os estudos culminaram em um conjunto de regras e dimens\u00f5es que podem ser resumidas em portas mais largas e piso mais baixo para um embarque mais c\u00f4modo, motor traseiro ou central sob o piso para maior conforto t\u00e9rmico e menor vibra\u00e7\u00e3o pela carroceria, suspens\u00e3o a ar para um rodar mais macio e motor de ao menos 200 cavalos com c\u00e2mbio autom\u00e1tico para melhor performance e conforto, sendo que desses apenas o c\u00e2mbio autom\u00e1tico foi deixado de lado devido ao excessivo consumo de combust\u00edvel por conta das limita\u00e7\u00f5es da \u00e9poca.<\/p>\n\n\n\n<div class=\"wp-block-columns is-layout-flex wp-container-core-columns-is-layout-28f84493 wp-block-columns-is-layout-flex\">\n<div class=\"wp-block-column is-layout-flow wp-block-column-is-layout-flow\">\n<figure class=\"wp-block-image size-full\"><img loading=\"lazy\" decoding=\"async\" width=\"640\" height=\"472\" src=\"https:\/\/tecnicidades.org\/wp-content\/uploads\/2025\/01\/padron1.jpg\" alt=\"\" class=\"wp-image-123\" srcset=\"https:\/\/tecnicidades.org\/wp-content\/uploads\/2025\/01\/padron1.jpg 640w, https:\/\/tecnicidades.org\/wp-content\/uploads\/2025\/01\/padron1-300x221.jpg 300w\" sizes=\"auto, (max-width: 640px) 100vw, 640px\" \/><figcaption class=\"wp-element-caption\">\u00d4nibus padron prototipo de carroceria Caio com chassis de motor central Volvo B58, com suspens\u00e3o a ar e cambio autom\u00e1tico. 1980.<br>Foto de Divulga\u00e7\u00e3o<\/figcaption><\/figure>\n<\/div>\n\n\n\n<div class=\"wp-block-column is-layout-flow wp-block-column-is-layout-flow\">\n<figure class=\"wp-block-image size-full\"><img loading=\"lazy\" decoding=\"async\" width=\"449\" height=\"271\" src=\"https:\/\/tecnicidades.org\/wp-content\/uploads\/2025\/01\/padron2.jpg\" alt=\"\" class=\"wp-image-124\" srcset=\"https:\/\/tecnicidades.org\/wp-content\/uploads\/2025\/01\/padron2.jpg 449w, https:\/\/tecnicidades.org\/wp-content\/uploads\/2025\/01\/padron2-300x181.jpg 300w\" sizes=\"auto, (max-width: 449px) 100vw, 449px\" \/><figcaption class=\"wp-element-caption\">\u00d4nibus de carroceria Marcopolo sobre chassis Mercedes-Benz O-305 similar ao europeu. 1980.<br>Foto de divulga\u00e7\u00e3o.<\/figcaption><\/figure>\n<\/div>\n<\/div>\n\n\n\n<p>Os tr\u00f3lebus do plano Sistran tiveram sua constru\u00e7\u00e3o em cima das recomenda\u00e7\u00f5es do GEIPOT. A d\u00e9cada de 70 tamb\u00e9m trouxe grandes avan\u00e7os naquilo que chamamos de eletr\u00f4nica de pot\u00eancia. O barateamento dos transistores e o desenvolvimento dos tiristores que agora permitiam chavear pot\u00eancias nunca antes vistas para um circuito eletr\u00f4nico permitiu criar novos controladores eletr\u00f4nicos capazes n\u00e3o apenas de chavear as cargas internas de r\u00e1dios ou televisores, como tamb\u00e9m de grandes motores el\u00e9tricos.<\/p>\n\n\n\n<div class=\"wp-block-columns is-layout-flex wp-container-core-columns-is-layout-28f84493 wp-block-columns-is-layout-flex\">\n<div class=\"wp-block-column is-layout-flow wp-block-column-is-layout-flow\" style=\"flex-basis:33.33%\">\n<figure class=\"wp-block-image size-full\"><img loading=\"lazy\" decoding=\"async\" width=\"589\" height=\"702\" src=\"https:\/\/tecnicidades.org\/wp-content\/uploads\/2025\/01\/tiristor.jpg\" alt=\"\" class=\"wp-image-125\" srcset=\"https:\/\/tecnicidades.org\/wp-content\/uploads\/2025\/01\/tiristor.jpg 589w, https:\/\/tecnicidades.org\/wp-content\/uploads\/2025\/01\/tiristor-252x300.jpg 252w\" sizes=\"auto, (max-width: 589px) 100vw, 589px\" \/><figcaption class=\"wp-element-caption\">Tiristor ou SCR (Silicon Controlled Rectifier ou retificador controlado de sil\u00edcio) \u00e9 um componente que permite chavear grandes correntes com apenas um pequeno sinal de comando. Aliado a um circuito l\u00f3gico isso permite controlar precisamente e com poucas perdas a acelera\u00e7\u00e3o de motores de tra\u00e7\u00e3o. <br>Foto: CC BY-SA C J Cowie<\/figcaption><\/figure>\n<\/div>\n\n\n\n<div class=\"wp-block-column is-layout-flow wp-block-column-is-layout-flow\" style=\"flex-basis:66.66%\">\n<figure class=\"wp-block-image size-full\"><img loading=\"lazy\" decoding=\"async\" width=\"822\" height=\"474\" src=\"https:\/\/tecnicidades.org\/wp-content\/uploads\/2025\/01\/PWM.gif\" alt=\"\" class=\"wp-image-126\"\/><figcaption class=\"wp-element-caption\">Chopper, recortador ou PWM (Pulse Width Modulation\/modula\u00e7\u00e3o por largura de pulso), \u00e9 uma t\u00e9cnica em eletr\u00f4nica usada para controlar a pot\u00eancia m\u00e9dia que vai para um dispositivo ao ligar e desligar rapidamente a corrente. Se em um espa\u00e7o de 100 milissegundos voc\u00ea passa 50 milissegundos com a energia desligada e 50 milissegundos com a energia ligada, voc\u00ea possui um duty cycle de 50%. Com zero gastos de energia em resist\u00eancias voc\u00ea consegue ent\u00e3o fazer um motor el\u00e9trico girar em 50% da potencia. Inventado em 1956 e escalado industrialmente na transi\u00e7\u00e3o pra d\u00e9cada de 60, os SCRs permitiram a ado\u00e7\u00e3o em massa do chopper para controle de tra\u00e7\u00e3o.<br>Diagrama: <a href=\"https:\/\/exploreembedded.com\/wiki\/PIC16F877A_PWM\">Explore Embedded<\/a><\/figcaption><\/figure>\n<\/div>\n<\/div>\n\n\n\n<p>O Brasil n\u00e3o estava atr\u00e1s do mundo nesse sentido, tendo os Metr\u00f4s de S\u00e3o Paulo, do Rio de Janeiro e os trens metropolitanos da FEPASA em S\u00e3o Paulo operando com ve\u00edculos utilizando da tecnologia chopper, que oferecia uma acelera\u00e7\u00e3o suave e sem solavancos, permitia economizar energia enquanto libera menos calor no ambiente sendo isso ponto chave no processo de decis\u00e3o dado a necessidade da ventila\u00e7\u00e3o for\u00e7ada em longos t\u00faneis. Os tr\u00f3lebus n\u00e3o ficaram de fora dessa revolu\u00e7\u00e3o tecnol\u00f3gica e no fim da d\u00e9cada de 70 e in\u00edcio da d\u00e9cada de 80 a tra\u00e7\u00e3o regulada por circuitos chopper (conhecido tamb\u00e9m como PWM, Pulse Width Modulation) passa a ser cada vez mais frequente nos tr\u00f3lebus da cidade.&nbsp;<\/p>\n\n\n\n<div class=\"wp-block-columns is-layout-flex wp-container-core-columns-is-layout-28f84493 wp-block-columns-is-layout-flex\">\n<div class=\"wp-block-column is-layout-flow wp-block-column-is-layout-flow\">\n<figure class=\"wp-block-image size-full\"><img loading=\"lazy\" decoding=\"async\" width=\"929\" height=\"785\" src=\"https:\/\/tecnicidades.org\/wp-content\/uploads\/2025\/01\/trolebusciferal.jpg\" alt=\"\" class=\"wp-image-127\" srcset=\"https:\/\/tecnicidades.org\/wp-content\/uploads\/2025\/01\/trolebusciferal.jpg 929w, https:\/\/tecnicidades.org\/wp-content\/uploads\/2025\/01\/trolebusciferal-300x253.jpg 300w, https:\/\/tecnicidades.org\/wp-content\/uploads\/2025\/01\/trolebusciferal-768x649.jpg 768w\" sizes=\"auto, (max-width: 929px) 100vw, 929px\" \/><figcaption class=\"wp-element-caption\">Tr\u00f3lebus Ciferal Amazonas circulando no corredor da Av. Paes de Barros na d\u00e9cada de 80. Foi o primeiro de uma gera\u00e7\u00e3o de tr\u00f3lebus com controle de tra\u00e7\u00e3o usando n\u00e3o mais os dispendiosos bancos de resist\u00eancias em s\u00e9rie com o motor, mas sim de recortadores por tiristores.<br>Autor n\u00e3o encontrado<\/figcaption><\/figure>\n<\/div>\n\n\n\n<div class=\"wp-block-column is-layout-flow wp-block-column-is-layout-flow\">\n<figure class=\"wp-block-image size-full\"><img loading=\"lazy\" decoding=\"async\" width=\"850\" height=\"531\" src=\"https:\/\/tecnicidades.org\/wp-content\/uploads\/2025\/01\/chopper.png\" alt=\"\" class=\"wp-image-128\" srcset=\"https:\/\/tecnicidades.org\/wp-content\/uploads\/2025\/01\/chopper.png 850w, https:\/\/tecnicidades.org\/wp-content\/uploads\/2025\/01\/chopper-300x187.png 300w, https:\/\/tecnicidades.org\/wp-content\/uploads\/2025\/01\/chopper-768x480.png 768w\" sizes=\"auto, (max-width: 850px) 100vw, 850px\" \/><figcaption class=\"wp-element-caption\">Sistema PWM\/chopper em tr\u00f3lebus Scania sobre carroceria Caio Am\u00e9lia<br>Foto: Marco Ant\u00f4nio Brandemarte<br><\/figcaption><\/figure>\n<\/div>\n<\/div>\n\n\n\n<p>Grandes projetos como o corredor ABD surgiram nesses anos 80 seguindo esses preceitos tecnol\u00f3gicos e esses novos paradigmas. J\u00e1 hav\u00edamos aprendido que tr\u00f3lebus precisam de uma alta demanda para se justificar, e que sua performance era excelente em corredores, tamb\u00e9m transpondo montanhas com facilidade e acelerando bem mesmo com grande lota\u00e7\u00e3o. <\/p>\n\n\n\n<figure class=\"wp-block-image size-large\"><img loading=\"lazy\" decoding=\"async\" width=\"1024\" height=\"524\" src=\"https:\/\/tecnicidades.org\/wp-content\/uploads\/2025\/01\/trolebus_abcd-1024x524.jpg\" alt=\"\" class=\"wp-image-129\" srcset=\"https:\/\/tecnicidades.org\/wp-content\/uploads\/2025\/01\/trolebus_abcd-1024x524.jpg 1024w, https:\/\/tecnicidades.org\/wp-content\/uploads\/2025\/01\/trolebus_abcd-300x154.jpg 300w, https:\/\/tecnicidades.org\/wp-content\/uploads\/2025\/01\/trolebus_abcd-768x393.jpg 768w, https:\/\/tecnicidades.org\/wp-content\/uploads\/2025\/01\/trolebus_abcd.jpg 1280w\" sizes=\"auto, (max-width: 1024px) 100vw, 1024px\" \/><figcaption class=\"wp-element-caption\">Tr\u00f3lebus Cobrasma subindo ladeira no rec\u00e9m inaugurado corredor ABD em 1988, ainda operado pelo Metr\u00f4.<br>Foto: Acervo Orestes Qu\u00e9rcia<\/figcaption><\/figure>\n\n\n\n<p>Executado pela CMSP, Companhia do Metropolitano de S\u00e3o Paulo, a fim de atender \u00e0s demandas crescentes do ABC Paulista, serve de refer\u00eancia no meio at\u00e9 hoje. Ele \u00e9 atualmente operado pela NEXT Mobilidade, por\u00e9m \u00e9 vitima do pr\u00f3prio sucesso visto a satura\u00e7\u00e3o, superlota\u00e7\u00e3o e falta de margem para falhas.<\/p>\n\n\n\n<figure class=\"wp-block-image size-large\"><img loading=\"lazy\" decoding=\"async\" width=\"1024\" height=\"768\" src=\"https:\/\/tecnicidades.org\/wp-content\/uploads\/2025\/01\/trolebusbusscar-1024x768.jpg\" alt=\"\" class=\"wp-image-130\" srcset=\"https:\/\/tecnicidades.org\/wp-content\/uploads\/2025\/01\/trolebusbusscar-1024x768.jpg 1024w, https:\/\/tecnicidades.org\/wp-content\/uploads\/2025\/01\/trolebusbusscar-300x225.jpg 300w, https:\/\/tecnicidades.org\/wp-content\/uploads\/2025\/01\/trolebusbusscar-768x576.jpg 768w, https:\/\/tecnicidades.org\/wp-content\/uploads\/2025\/01\/trolebusbusscar.jpg 1280w\" sizes=\"auto, (max-width: 1024px) 100vw, 1024px\" \/><figcaption class=\"wp-element-caption\">Tr\u00f3lebus Busscar Urbanuss Pluss LF no corredor ABD. Vale mencionar o pioneirismo da configura\u00e7\u00e3o desse veiculo, que ao dispensar a configura\u00e7\u00e3o chassis-carroceria em prol de uma monobloco, e com o uso de um eixo traseiro rebaixado importado da Hungria, permitiu uma configura\u00e7\u00e3o de piso-baixo total, sem nenhum degrau desde a porta da frente at\u00e9 a porta de tr\u00e1s, como \u00e9 comum em boa parte da Europa.<br>Foto: Igormartinez99<br><\/figcaption><\/figure>\n\n\n\n<p id=\"crise\"><strong>Crise<\/strong><\/p>\n\n\n\n<p>O estado brasileiro nas tr\u00eas esferas, atrav\u00e9s de diversas estatais, teve papel fundamental na cria\u00e7\u00e3o e manuten\u00e7\u00e3o de variados sistemas de tr\u00f3lebus. Muito estudo, pesquisa e desenvolvimento foi realizado em conjunto com a ind\u00fastria, e n\u00e3o deixamos nada a desejar tecnologicamente com o que existia l\u00e1 fora.<\/p>\n\n\n\n<p>Por\u00e9m dado que os anos 80 \u00e9 lembrada como a d\u00e9cada perdida e a d\u00e9cada de 90 como a d\u00e9cada das privatiza\u00e7\u00f5es, chegamos no fim do s\u00e9culo com os tr\u00f3lebus brasileiros em posi\u00e7\u00e3o vulner\u00e1vel. Com o gradual desmonte dessas estatais de planejamento e opera\u00e7\u00e3o e as privatiza\u00e7\u00f5es desenfreadas e mal feitas dos anos 90, in\u00fameros sistemas Brasil adentro agora se viam sem nenhum subs\u00eddio de passagem e tendo que pagar uma tarifa el\u00e9trica nominal o que se mostrou imediatamente invi\u00e1vel e culminou em in\u00fameras desativa\u00e7\u00f5es que hoje, cerca de 30 anos depois, se mostraram equivocadas.<\/p>\n\n\n\n<figure class=\"wp-block-image size-full\"><img loading=\"lazy\" decoding=\"async\" width=\"956\" height=\"689\" src=\"https:\/\/tecnicidades.org\/wp-content\/uploads\/2025\/01\/mapatrolebussp.png\" alt=\"\" class=\"wp-image-132\" srcset=\"https:\/\/tecnicidades.org\/wp-content\/uploads\/2025\/01\/mapatrolebussp.png 956w, https:\/\/tecnicidades.org\/wp-content\/uploads\/2025\/01\/mapatrolebussp-300x216.png 300w, https:\/\/tecnicidades.org\/wp-content\/uploads\/2025\/01\/mapatrolebussp-768x554.png 768w\" sizes=\"auto, (max-width: 956px) 100vw, 956px\" \/><figcaption class=\"wp-element-caption\">Mapa da rede a\u00e9rea do sistema tr\u00f3lebus de S\u00e3o Paulo em 2003 logo ap\u00f3s a desativa\u00e7\u00e3o parcial.<br>Mapa: <a href=\"http:\/\/www.respirasaopaulo.com.br\/Trolebus%20-%20Problemas%20e%20solucoes.htm\">Respira S\u00e3o Paulo<\/a><\/figcaption><\/figure>\n\n\n\n<p>Com a privatiza\u00e7\u00e3o da CMTC e a cria\u00e7\u00e3o da SPTrans as tr\u00eas grandes garagens de tr\u00f3lebus de S\u00e3o Paulo passaram de m\u00e3os em m\u00e3os at\u00e9 que em um misto de lobby e m\u00e1 vontade do poder p\u00fablico chegamos em 2003 com a maior desativa\u00e7\u00e3o do Brasil, tendo a rede que possu\u00eda mais de 300km passando a contar com menos da metade. e os mais de 500 ve\u00edculos indo para cerca de 200.<\/p>\n\n\n\n<figure class=\"wp-block-image size-full\"><img loading=\"lazy\" decoding=\"async\" width=\"800\" height=\"403\" src=\"https:\/\/tecnicidades.org\/wp-content\/uploads\/2025\/01\/trolebusabandonados.jpg\" alt=\"\" class=\"wp-image-133\" srcset=\"https:\/\/tecnicidades.org\/wp-content\/uploads\/2025\/01\/trolebusabandonados.jpg 800w, https:\/\/tecnicidades.org\/wp-content\/uploads\/2025\/01\/trolebusabandonados-300x151.jpg 300w, https:\/\/tecnicidades.org\/wp-content\/uploads\/2025\/01\/trolebusabandonados-768x387.jpg 768w\" sizes=\"auto, (max-width: 800px) 100vw, 800px\" \/><figcaption class=\"wp-element-caption\">Tr\u00f3lebus abandonados, muitos desativados com menos de 5 anos de uso.<br>Foto: Thiago Silva<\/figcaption><\/figure>\n\n\n\n<p>Sinto que a avenida Santo Amaro ilustra bem a falta de comprometimento que temos com nossa infraestrutura. Os bondes chegaram e a avenida serviu de modelo at\u00e9 os bondes passarem a ser vistos como inconvenientes e terem seus trilhos arrancados em um momento que a Europa j\u00e1 questionava esse modelo e criava os primeiros VLTs modernos. O corredor de \u00f4nibus com os tr\u00f3lebus chegaram mas no desafio da primeira reforma que exigia uma reconfigura\u00e7\u00e3o da rede a\u00e9rea, foi tido como mais f\u00e1cil arrancar tudo e colocar \u00f4nibus a diesel.&nbsp;<\/p>\n\n\n\n<figure class=\"wp-block-image size-full\"><img loading=\"lazy\" decoding=\"async\" width=\"700\" height=\"525\" src=\"https:\/\/tecnicidades.org\/wp-content\/uploads\/2025\/01\/corredor9dejulho.jpg\" alt=\"\" class=\"wp-image-134\" srcset=\"https:\/\/tecnicidades.org\/wp-content\/uploads\/2025\/01\/corredor9dejulho.jpg 700w, https:\/\/tecnicidades.org\/wp-content\/uploads\/2025\/01\/corredor9dejulho-300x225.jpg 300w\" sizes=\"auto, (max-width: 700px) 100vw, 700px\" \/><figcaption class=\"wp-element-caption\">Tr\u00f3lebus no corredor da 9 de Julho\/Santo Amaro. Produto do plano Sistran, 15 km de avenida foram eletrificados em meados de 82 com dois pares de rede bifilar por sentido, um para linhas paradoras e outra para linhas expressas. Todas as paradas foram contempladas com faixas para ultrapassagem, por\u00e9m devido ao excesso de linhas pr\u00e9 existentes que foram mal remanejadas, o corredor se tornou um grande estacionamento de \u00f4nibus com o transito constantemente parado. Em meados de 2003 foi feito uma reforma no corredor mudando a configura\u00e7\u00e3o das paradas e no processo foi desmantelado todo o sistema el\u00e9trico com menos da metade de sua vida \u00fatil.<br>Foto: Acervo SPTrans<\/figcaption><\/figure>\n\n\n\n<p id=\"presente\"><strong>Presente<\/strong><\/p>\n\n\n\n<p>Hoje o eixo da avenida \u00e9 atendido por um metr\u00f4, mas esse tamb\u00e9m est\u00e1 sujeito a um eventual desmonte com queda de qualidade de servi\u00e7o. Tudo \u00e9 pass\u00edvel de decad\u00eancia, nada \u00e9 permanente e tudo exige esfor\u00e7o cont\u00ednuo atrav\u00e9s da vontade p\u00fablica com verba e planos de manuten\u00e7\u00e3o. Temos que lembrar disso diariamente como usu\u00e1rios, como eleitores e como agentes do debate.<\/p>\n\n\n\n<figure class=\"wp-block-image size-full\"><img loading=\"lazy\" decoding=\"async\" width=\"1024\" height=\"768\" src=\"https:\/\/tecnicidades.org\/wp-content\/uploads\/2025\/01\/Estatua-do-Borba-Gato-Avenida-Santo-Amaro.jpg\" alt=\"\" class=\"wp-image-136\" srcset=\"https:\/\/tecnicidades.org\/wp-content\/uploads\/2025\/01\/Estatua-do-Borba-Gato-Avenida-Santo-Amaro.jpg 1024w, https:\/\/tecnicidades.org\/wp-content\/uploads\/2025\/01\/Estatua-do-Borba-Gato-Avenida-Santo-Amaro-300x225.jpg 300w, https:\/\/tecnicidades.org\/wp-content\/uploads\/2025\/01\/Estatua-do-Borba-Gato-Avenida-Santo-Amaro-768x576.jpg 768w\" sizes=\"auto, (max-width: 1024px) 100vw, 1024px\" \/><figcaption class=\"wp-element-caption\">Estatua do Borba Gato com canopy de vidro da esta\u00e7\u00e3o hom\u00f4nima da linha 5 &#8211; lil\u00e1s ao fundo. Com o trecho inicial at\u00e9 o Largo 13 construido pela CPTM mas repassado para o metr\u00f4 em sua inaugura\u00e7\u00e3o em 2002, e a extens\u00e3o pelo eixo da Av. Santo Amaro e Av. Ibirapuera at\u00e9 a Vila Mariana construido pelo metr\u00f4 com fundo do governo estadual inaugurado em 2018, a linha fora recentemente concedida para a Via Mobilidade que tem tido dificuldades na opera\u00e7\u00e3o de sistemas legados como a linha 8 e 9. Muitos observam atentos a degrada\u00e7\u00e3o na qualidade do servi\u00e7o, e se e quanto isso ira afetar tamb\u00e9m a linha 5.<br>Foto: Sergio Brisola<\/figcaption><\/figure>\n\n\n\n<p>Aos trancos e barrancos n\u00f3s chegamos em 2025 com apenas dois sistemas de tr\u00f3lebus operando no Brasil mas na mesma regi\u00e3o geogr\u00e1fica:&nbsp;<\/p>\n\n\n\n<p>O do ABC Paulista operado pela NEXT Mobilidade possui ra\u00edzes modernas por\u00e9m carece de planos de expans\u00e3o adequados.<\/p>\n\n\n\n<p>O da SPTrans coleciona linhas legadas servindo itiner\u00e1rios muitas vezes insuficientes para a configura\u00e7\u00e3o atual da cidade. Suas linhas com maior demanda s\u00e3o as criadas nos anos 70 e 80 durante o plano Sistran.<\/p>\n\n\n\n<div class=\"wp-block-columns is-layout-flex wp-container-core-columns-is-layout-28f84493 wp-block-columns-is-layout-flex\">\n<div class=\"wp-block-column is-layout-flow wp-block-column-is-layout-flow\">\n<figure class=\"wp-block-image size-full\"><img loading=\"lazy\" decoding=\"async\" width=\"227\" height=\"222\" src=\"https:\/\/tecnicidades.org\/wp-content\/uploads\/2025\/01\/abd.jpg\" alt=\"\" class=\"wp-image-141\"\/><figcaption class=\"wp-element-caption\">\u00d4nibus a diesel circulando no corredor de tr\u00f3lebus. A ultima expans\u00e3o do corredor n\u00e3o tem planos pra eletrifica\u00e7\u00e3o, e a expans\u00e3o da frota tem sido em maioria com ve\u00edculos a diesel.<br>Foto: EMTU<\/figcaption><\/figure>\n<\/div>\n\n\n\n<div class=\"wp-block-column is-layout-flow wp-block-column-is-layout-flow\">\n<figure class=\"wp-block-image size-full\"><img loading=\"lazy\" decoding=\"async\" width=\"1024\" height=\"797\" src=\"https:\/\/tecnicidades.org\/wp-content\/uploads\/2025\/01\/trolebuscentro.jpg\" alt=\"\" class=\"wp-image-142\" srcset=\"https:\/\/tecnicidades.org\/wp-content\/uploads\/2025\/01\/trolebuscentro.jpg 1024w, https:\/\/tecnicidades.org\/wp-content\/uploads\/2025\/01\/trolebuscentro-300x233.jpg 300w, https:\/\/tecnicidades.org\/wp-content\/uploads\/2025\/01\/trolebuscentro-768x598.jpg 768w\" sizes=\"auto, (max-width: 1024px) 100vw, 1024px\" \/><figcaption class=\"wp-element-caption\">Tr\u00f3lebus no centro velho. Rotas legadas em trajetos sinuosos por entre estreitas ruas de bairro que nunca foram estendidas desde a cria\u00e7\u00e3o.<br>Foto: Thiago Silva<\/figcaption><\/figure>\n<\/div>\n<\/div>\n\n\n\n<p>Finalmente temos Santos que possui uma linha que foi convenientemente paralisada na pandemia e agora possui micro-\u00f4nibus el\u00e9tricos a bateria da BYD rodando no lugar enquanto a rede a\u00e9rea est\u00e1 come\u00e7ando a se desmontar e seis ve\u00edculos Mafersa com quase 40 anos de idade ficam encostados na garagem com destino incerto.<\/p>\n\n\n\n<div class=\"wp-block-columns is-layout-flex wp-container-core-columns-is-layout-28f84493 wp-block-columns-is-layout-flex\">\n<div class=\"wp-block-column is-layout-flow wp-block-column-is-layout-flow\">\n<figure class=\"wp-block-image size-full\"><img loading=\"lazy\" decoding=\"async\" width=\"588\" height=\"375\" src=\"https:\/\/tecnicidades.org\/wp-content\/uploads\/2025\/01\/trolebus4.jpg\" alt=\"\" class=\"wp-image-137\" srcset=\"https:\/\/tecnicidades.org\/wp-content\/uploads\/2025\/01\/trolebus4.jpg 588w, https:\/\/tecnicidades.org\/wp-content\/uploads\/2025\/01\/trolebus4-300x191.jpg 300w\" sizes=\"auto, (max-width: 588px) 100vw, 588px\" \/><figcaption class=\"wp-element-caption\">Tr\u00f3lebus rodando na extinta linha para  o Ferry Boat em Santos.<br>Foto: Jorge Fran\u00e7ozo de Moraes<\/figcaption><\/figure>\n<\/div>\n\n\n\n<div class=\"wp-block-column is-layout-flow wp-block-column-is-layout-flow\">\n<figure class=\"wp-block-image size-large\"><img loading=\"lazy\" decoding=\"async\" width=\"1024\" height=\"768\" src=\"https:\/\/tecnicidades.org\/wp-content\/uploads\/2025\/01\/trolebus_santos-1024x768.jpg\" alt=\"\" class=\"wp-image-139\" srcset=\"https:\/\/tecnicidades.org\/wp-content\/uploads\/2025\/01\/trolebus_santos-1024x768.jpg 1024w, https:\/\/tecnicidades.org\/wp-content\/uploads\/2025\/01\/trolebus_santos-300x225.jpg 300w, https:\/\/tecnicidades.org\/wp-content\/uploads\/2025\/01\/trolebus_santos-768x576.jpg 768w, https:\/\/tecnicidades.org\/wp-content\/uploads\/2025\/01\/trolebus_santos.jpg 1280w\" sizes=\"auto, (max-width: 1024px) 100vw, 1024px\" \/><figcaption class=\"wp-element-caption\">Tr\u00f3lebus Mafersa na pra\u00e7a Mau\u00e1 fazendo a linha 20 em 2008<br>Foto: CC BY Emilio Pechini<\/figcaption><\/figure>\n<\/div>\n\n\n\n<div class=\"wp-block-column is-layout-flow wp-block-column-is-layout-flow\">\n<figure class=\"wp-block-image size-full\"><img loading=\"lazy\" decoding=\"async\" width=\"984\" height=\"623\" src=\"https:\/\/tecnicidades.org\/wp-content\/uploads\/2025\/01\/ebus.jpg\" alt=\"\" class=\"wp-image-140\" srcset=\"https:\/\/tecnicidades.org\/wp-content\/uploads\/2025\/01\/ebus.jpg 984w, https:\/\/tecnicidades.org\/wp-content\/uploads\/2025\/01\/ebus-300x190.jpg 300w, https:\/\/tecnicidades.org\/wp-content\/uploads\/2025\/01\/ebus-768x486.jpg 768w\" sizes=\"auto, (max-width: 984px) 100vw, 984px\" \/><figcaption class=\"wp-element-caption\">\u00d4nibus a bateria circulando na linha 20<br>Foto: G1 Santos<\/figcaption><\/figure>\n<\/div>\n<\/div>\n\n\n\n<p>A tecnologia evoluiu, a eletr\u00f4nica de pot\u00eancia deu mais um passo e permitiu usarmos motores de tra\u00e7\u00e3o de corrente alternada, mais leves e simples, ao inv\u00e9s de continua, gastando assim menos energia. Baterias passaram a ser fonte vi\u00e1vel de alimenta\u00e7\u00e3o. Na \u00faltima renova\u00e7\u00e3o da frota dos tr\u00f3lebus de S\u00e3o Paulo passamos a ter a possibilidade de um rodar aut\u00f4nomo por\u00e9m muito limitado em velocidade e autonomia dado que o projeto contou com arcaicas e pesadas baterias de chumbo-\u00e1cido ao inv\u00e9s de um banco de baterias de \u00edons de l\u00edtio.<\/p>\n\n\n\n<p>Agora com piso baixo oferecendo maior acessibilidade, por\u00e9m ainda pecando na aus\u00eancia de ar condicionado, os tr\u00f3lebus voltam a andar lado a lado com o resto da frota de \u00f4nibus da capital, mas sempre sujeito a uma eventual defasagem. Devido a suavidade e simplicidade da opera\u00e7\u00e3o de um motor el\u00e9trico, os esfor\u00e7os na carroceria s\u00e3o t\u00e3o baixos que a vida \u00fatil do ve\u00edculo \u00e9 mais que o dobro relativo a de um ve\u00edculo a diesel igual.<\/p>\n\n\n\n<div class=\"wp-block-columns is-layout-flex wp-container-core-columns-is-layout-28f84493 wp-block-columns-is-layout-flex\">\n<div class=\"wp-block-column is-layout-flow wp-block-column-is-layout-flow\">\n<figure class=\"wp-block-image size-full\"><img loading=\"lazy\" decoding=\"async\" width=\"1024\" height=\"768\" src=\"https:\/\/tecnicidades.org\/wp-content\/uploads\/2025\/01\/bateria.jpg\" alt=\"\" class=\"wp-image-148\" srcset=\"https:\/\/tecnicidades.org\/wp-content\/uploads\/2025\/01\/bateria.jpg 1024w, https:\/\/tecnicidades.org\/wp-content\/uploads\/2025\/01\/bateria-300x225.jpg 300w, https:\/\/tecnicidades.org\/wp-content\/uploads\/2025\/01\/bateria-768x576.jpg 768w\" sizes=\"auto, (max-width: 1024px) 100vw, 1024px\" \/><figcaption class=\"wp-element-caption\">Tr\u00f3lebus rodando desconectado a partir do banco de baterias chumbo-\u00e1cido no teto.<br>Foto: Thiago Silva<\/figcaption><\/figure>\n<\/div>\n\n\n\n<div class=\"wp-block-column is-layout-flow wp-block-column-is-layout-flow\">\n<figure class=\"wp-block-image size-full is-resized\"><img loading=\"lazy\" decoding=\"async\" width=\"720\" height=\"536\" src=\"https:\/\/tecnicidades.org\/wp-content\/uploads\/2025\/01\/vilarinho.jpg\" alt=\"\" class=\"wp-image-150\" style=\"width:298px;height:auto\" srcset=\"https:\/\/tecnicidades.org\/wp-content\/uploads\/2025\/01\/vilarinho.jpg 720w, https:\/\/tecnicidades.org\/wp-content\/uploads\/2025\/01\/vilarinho-300x223.jpg 300w\" sizes=\"auto, (max-width: 720px) 100vw, 720px\" \/><figcaption class=\"wp-element-caption\">Tr\u00f3lebus Villares dos anos 60 circularam at\u00e9 os anos 2000.<br>Foto: Jorge Fran\u00e7ozo de Moraes<\/figcaption><\/figure>\n<\/div>\n<\/div>\n\n\n\n<p>Isso traz uma enorme vantagem econ\u00f4mica ao sistema, mas exige serenidade e c\u00e1lculo na hora da encomenda de novos ve\u00edculos que tendem a ficar de visual datados ou com uma configura\u00e7\u00e3o ultrapassada perante seus pares a diesel. Isso pode ser amenizado com compras de lotes menores ao longo da vida \u00fatil do ve\u00edculo.<\/p>\n\n\n\n<p id=\"baterias\"><strong>A revolu\u00e7\u00e3o das baterias<\/strong><\/p>\n\n\n\n<p>A eletr\u00f4nica de pot\u00eancia voltada a motores de tra\u00e7\u00e3o de corrente alternada mudou novamente as regras que definem o que \u00e9 e n\u00e3o \u00e9 economicamente vi\u00e1vel.<\/p>\n\n\n\n<p>Paralelamente, os primeiros carros el\u00e9tricos modernos nasceram nos anos 90, por exig\u00eancia regulat\u00f3ria do governo da Calif\u00f3rnia, sendo o GM EV-1 o maior s\u00edmbolo desse momento da hist\u00f3ria. Logo ap\u00f3s a exig\u00eancia regulat\u00f3ria ter sido derrubada atrav\u00e9s de muito lobby, a GM conseguiu recolher todos os EV-1 em circula\u00e7\u00e3o visto que eles s\u00f3 eram dispon\u00edveis via leasing. Praticamente todos foram destru\u00eddos. Mesmo assim isso n\u00e3o conseguiu apagar a marca de seu legado.<\/p>\n\n\n\n<div class=\"wp-block-columns is-layout-flex wp-container-core-columns-is-layout-28f84493 wp-block-columns-is-layout-flex\">\n<div class=\"wp-block-column is-layout-flow wp-block-column-is-layout-flow\">\n<figure class=\"wp-block-image size-large\"><img loading=\"lazy\" decoding=\"async\" width=\"1024\" height=\"683\" src=\"https:\/\/tecnicidades.org\/wp-content\/uploads\/2025\/01\/ev1-1024x683.jpg\" alt=\"\" class=\"wp-image-151\" srcset=\"https:\/\/tecnicidades.org\/wp-content\/uploads\/2025\/01\/ev1-1024x683.jpg 1024w, https:\/\/tecnicidades.org\/wp-content\/uploads\/2025\/01\/ev1-300x200.jpg 300w, https:\/\/tecnicidades.org\/wp-content\/uploads\/2025\/01\/ev1-768x512.jpg 768w, https:\/\/tecnicidades.org\/wp-content\/uploads\/2025\/01\/ev1.jpg 1173w\" sizes=\"auto, (max-width: 1024px) 100vw, 1024px\" \/><figcaption class=\"wp-element-caption\">GM EV-1. Primeiro carro el\u00e9trico moderno bem sucedido.<br>Foto: CC BY-SA    Rick Rowen<\/figcaption><\/figure>\n<\/div>\n\n\n\n<div class=\"wp-block-column is-layout-flow wp-block-column-is-layout-flow\">\n<figure class=\"wp-block-image alignright size-full is-resized\"><img loading=\"lazy\" decoding=\"async\" width=\"640\" height=\"480\" src=\"https:\/\/tecnicidades.org\/wp-content\/uploads\/2025\/01\/Ev1_crush5.jpg\" alt=\"\" class=\"wp-image-152\" style=\"width:268px;height:auto\" srcset=\"https:\/\/tecnicidades.org\/wp-content\/uploads\/2025\/01\/Ev1_crush5.jpg 640w, https:\/\/tecnicidades.org\/wp-content\/uploads\/2025\/01\/Ev1_crush5-300x225.jpg 300w\" sizes=\"auto, (max-width: 640px) 100vw, 640px\" \/><figcaption class=\"wp-element-caption\">EV-1s em ferro velho nos EUA<br>Foto: CC BY-SA   Plug In America<\/figcaption><\/figure>\n<\/div>\n<\/div>\n\n\n\n<p>Apesar de um conjunto de tra\u00e7\u00e3o revolucion\u00e1rio com um inversor de frequ\u00eancia muito estudado pela ind\u00fastria, o EV-1 ainda era limitado em autonomia na sua primeira gera\u00e7\u00e3o pelas pesadas baterias chumbo-\u00e1cido, e mesmo na sua segunda gera\u00e7\u00e3o com as baterias de hidreto met\u00e1lico de n\u00edquel (Ni-Mh) a performance n\u00e3o havia melhorado o suficiente para ser competitivo com o ve\u00edculo a combust\u00e3o.<\/p>\n\n\n\n<p>Na virada do mil\u00eanio, na ind\u00fastria dos eletr\u00f4nicos de consumo, as baterias de \u00edons de l\u00edtio estavam ganhando f\u00f4lego, dando longa autonomia a port\u00e1teis. O consumo desenfreado de celulares, laptops, videogames, tocadores de m\u00fasica e outras bugigangas eletr\u00f4nicas fomentou a produ\u00e7\u00e3o em escala de baterias de \u00edons de l\u00edtio que permitiu a queda do pre\u00e7o e viabilizou a produ\u00e7\u00e3o dos primeiros carros el\u00e9tricos de custo e usabilidade competitivo. Nesse contexto que nasce o Tesla Roadster, o Chevrolet Volt, o Nissan Leaf e outros.\u00a0<\/p>\n\n\n\n<div class=\"wp-block-columns is-layout-flex wp-container-core-columns-is-layout-28f84493 wp-block-columns-is-layout-flex\">\n<div class=\"wp-block-column is-layout-flow wp-block-column-is-layout-flow\">\n<figure class=\"wp-block-image size-full\"><img loading=\"lazy\" decoding=\"async\" width=\"764\" height=\"800\" src=\"https:\/\/tecnicidades.org\/wp-content\/uploads\/2025\/01\/tabletpc.jpg\" alt=\"\" class=\"wp-image-153\" srcset=\"https:\/\/tecnicidades.org\/wp-content\/uploads\/2025\/01\/tabletpc.jpg 764w, https:\/\/tecnicidades.org\/wp-content\/uploads\/2025\/01\/tabletpc-287x300.jpg 287w\" sizes=\"auto, (max-width: 764px) 100vw, 764px\" \/><figcaption class=\"wp-element-caption\">A ind\u00fastria de eletr\u00f4nicos de consumo fomentou o desenvolvimento das baterias de \u00edons de l\u00edtio, barateando-as. Na foto um Tablet PC da HP do inicio dos anos 2000.<br>Foto: Janto Dreijer<\/figcaption><\/figure>\n<\/div>\n\n\n\n<div class=\"wp-block-column is-layout-flow wp-block-column-is-layout-flow\">\n<figure class=\"wp-block-image size-full\"><img loading=\"lazy\" decoding=\"async\" width=\"1024\" height=\"768\" src=\"https:\/\/tecnicidades.org\/wp-content\/uploads\/2025\/01\/tesla.jpg\" alt=\"\" class=\"wp-image-155\" srcset=\"https:\/\/tecnicidades.org\/wp-content\/uploads\/2025\/01\/tesla.jpg 1024w, https:\/\/tecnicidades.org\/wp-content\/uploads\/2025\/01\/tesla-300x225.jpg 300w, https:\/\/tecnicidades.org\/wp-content\/uploads\/2025\/01\/tesla-768x576.jpg 768w\" sizes=\"auto, (max-width: 1024px) 100vw, 1024px\" \/><figcaption class=\"wp-element-caption\">No fim dos anos 2000 as baterias de \u00edons de l\u00edtio j\u00e1 tinham a densidade energ\u00e9tica e o pre\u00e7o adequados para o uso automotivo. O Tesla Roadster na foto acima \u00e9 um esportivo el\u00e9trico construido em cima da carroceria do Lotus Elise como prova de conceito do conjunto de tra\u00e7\u00e3o que seria posteriormente utilizado no resto da linha Tesla, produto inclusive de engenheiros que trabalharam anteriormente no inversor de tra\u00e7\u00e3o do GM EV-1.<br>Foto: Kazuhisa<\/figcaption><\/figure>\n<\/div>\n<\/div>\n\n\n\n<p>No come\u00e7o da d\u00e9cada de 2010 as baterias de \u00edons de l\u00edtio come\u00e7am a ter densidades energ\u00e9ticas t\u00e3o altas e pre\u00e7os t\u00e3o baixos que os primeiros \u00f4nibus el\u00e9tricos passam a se tornar vi\u00e1veis. Chegamos em 2020 com muitas cidades demonstrando inten\u00e7\u00e3o de compra de extensivas frotas de \u00f4nibus movidos a bateria, agora maiores, mais potentes, climatizados, por\u00e9m ainda caros e pesados. Muito se discute tamb\u00e9m o desafio que \u00e9 a recarga massiva nas garagens durante a noite.<\/p>\n\n\n\n<p id=\"ponta\"><strong>O tr\u00f3lebus de ponta<\/strong><\/p>\n\n\n\n<p>Bastante se critica a vulnerabilidade dos tr\u00f3lebus ao escape das alavancas. Mesmo com performance muito superior, a necessidade de estar permanentemente conectado \u00e0 rede a\u00e9rea \u00e9 visto por muitos mais como uma fraqueza do que uma virtude, mas muitos tamb\u00e9m n\u00e3o entendem que a lentid\u00e3o e o escape das alavancas \u00e9 simplesmente uma consequ\u00eancia da falta de planejamento e do estado de decaimento em que chegamos.<\/p>\n\n\n\n<figure class=\"wp-block-image size-full\"><img loading=\"lazy\" decoding=\"async\" width=\"620\" height=\"465\" src=\"https:\/\/tecnicidades.org\/wp-content\/uploads\/2025\/01\/pane.jpg\" alt=\"\" class=\"wp-image-156\" srcset=\"https:\/\/tecnicidades.org\/wp-content\/uploads\/2025\/01\/pane.jpg 620w, https:\/\/tecnicidades.org\/wp-content\/uploads\/2025\/01\/pane-300x225.jpg 300w\" sizes=\"auto, (max-width: 620px) 100vw, 620px\" \/><figcaption class=\"wp-element-caption\">Antes da reforma da rede a\u00e9rea dos anos 2010, falhas generalizadas como essa eram comuns.<br>Foto: Autor desconhecido<\/figcaption><\/figure>\n\n\n\n<p>\u00c9 importante ressaltar que o tr\u00f3lebus precisa de um asfalto bem mantido para performar melhor. Uma cidade organizada deve possuir um roteiro e um cronograma de manuten\u00e7\u00e3o de vias, em que \u00e9 definido a prioridade para o recapeamento. \u00c0s vezes a solu\u00e7\u00e3o \u00e9 t\u00e3o simples quanto uma canetada para subir a prioridade das ruas e avenidas que contam com rede a\u00e9rea de tr\u00f3lebus.<\/p>\n\n\n\n<p>A rede a\u00e9rea tamb\u00e9m \u00e9 importante. Podemos considerar que devido a esfera de influ\u00eancia estadunidense, tendemos a usar equipamentos que seguem a escola da finada Ohio Brass. S\u00e3o tirantes, chaves, segmentos de curva no geral muito r\u00edgidos.<\/p>\n\n\n\n<div class=\"wp-block-columns is-layout-flex wp-container-core-columns-is-layout-28f84493 wp-block-columns-is-layout-flex\">\n<div class=\"wp-block-column is-layout-flow wp-block-column-is-layout-flow\">\n<figure class=\"wp-block-image size-large\"><img loading=\"lazy\" decoding=\"async\" width=\"1024\" height=\"768\" src=\"https:\/\/tecnicidades.org\/wp-content\/uploads\/2025\/01\/rede-1024x768.jpg\" alt=\"\" class=\"wp-image-157\" srcset=\"https:\/\/tecnicidades.org\/wp-content\/uploads\/2025\/01\/rede-1024x768.jpg 1024w, https:\/\/tecnicidades.org\/wp-content\/uploads\/2025\/01\/rede-300x225.jpg 300w, https:\/\/tecnicidades.org\/wp-content\/uploads\/2025\/01\/rede-768x576.jpg 768w, https:\/\/tecnicidades.org\/wp-content\/uploads\/2025\/01\/rede.jpg 1236w\" sizes=\"auto, (max-width: 1024px) 100vw, 1024px\" \/><figcaption class=\"wp-element-caption\">Chave Selectric com material Ohio Brass. Sistemas tipicamente mais simples com corredi\u00e7as em angulos mais fechados.<br>Foto: Pedro Christensen<\/figcaption><\/figure>\n<\/div>\n\n\n\n<div class=\"wp-block-column is-layout-flow wp-block-column-is-layout-flow\">\n<figure class=\"wp-block-image size-large\"><img loading=\"lazy\" decoding=\"async\" width=\"1024\" height=\"658\" src=\"https:\/\/tecnicidades.org\/wp-content\/uploads\/2025\/01\/redeaereaeuropeia-1024x658.jpg\" alt=\"\" class=\"wp-image-158\" srcset=\"https:\/\/tecnicidades.org\/wp-content\/uploads\/2025\/01\/redeaereaeuropeia-1024x658.jpg 1024w, https:\/\/tecnicidades.org\/wp-content\/uploads\/2025\/01\/redeaereaeuropeia-300x193.jpg 300w, https:\/\/tecnicidades.org\/wp-content\/uploads\/2025\/01\/redeaereaeuropeia-768x493.jpg 768w, https:\/\/tecnicidades.org\/wp-content\/uploads\/2025\/01\/redeaereaeuropeia.jpg 1127w\" sizes=\"auto, (max-width: 1024px) 100vw, 1024px\" \/><figcaption class=\"wp-element-caption\">Rede a\u00e9rea europeia t\u00edpica, nesse caso fornecida pela Kummler &amp; Matter<br>Foto: IFB Institut f\u00fcr Bahntechnik GmbH<\/figcaption><\/figure>\n<\/div>\n<\/div>\n\n\n\n<p>Estamos h\u00e1 ao menos 25 anos em uma mudan\u00e7a gradual para segmentos flex\u00edveis, por\u00e9m em entroncamentos e curvas ainda h\u00e1 margem para melhora. Na Europa existe como refer\u00eancia a Kummler &amp; Matter que serve de fornecedora de equipamentos de rede a\u00e9rea e tamb\u00e9m presta servi\u00e7os de consultoria. Apesar da complexidade e do custo, a performance sob as redes usando esse tipo de equipamento tende a ser muito superior.<\/p>\n\n\n\n<p>Um exemplo para ter no\u00e7\u00e3o de qu\u00e3o arcaico \u00e9 a forma de fazermos as coisas \u00e9 o acionamento dos desvios, tamb\u00e9m conhecidas como chaves. Existe uma bobina eletromagn\u00e9tica \u2014uma solenoide \u2014 que define se a alavanca vai seguir reto ou realizar\u00e1 a curva, por\u00e9m o acionamento dessa bobina se d\u00e1 de forma totalmente anal\u00f3gica, em alguns lugares com um mecanismo acionado pelo \u00e2ngulo do tr\u00f3lebus relativo a rede a\u00e9rea (chave Selectric), em outros atrav\u00e9s da corrente consumida em um ponto pr\u00e9 determinado sendo necess\u00e1rio assim uma forte acelera\u00e7\u00e3o ou o uso de uma resist\u00eancia para puxar a energia necess\u00e1ria pela bobina e armar o desvio. A abordagem moderna seria simplesmente usar um r\u00e1dio transmissor para a atua\u00e7\u00e3o dessa bobina, tornando a opera\u00e7\u00e3o relativamente mais flex\u00edvel e a manuten\u00e7\u00e3o desses desvios mais f\u00e1cil.<\/p>\n\n\n\n<div class=\"wp-block-columns is-layout-flex wp-container-core-columns-is-layout-28f84493 wp-block-columns-is-layout-flex\">\n<div class=\"wp-block-column is-layout-flow wp-block-column-is-layout-flow\">\n<figure class=\"wp-block-image size-full\"><img loading=\"lazy\" decoding=\"async\" width=\"853\" height=\"767\" src=\"https:\/\/tecnicidades.org\/wp-content\/uploads\/2025\/01\/controleremoto.jpg\" alt=\"\" class=\"wp-image-159\" srcset=\"https:\/\/tecnicidades.org\/wp-content\/uploads\/2025\/01\/controleremoto.jpg 853w, https:\/\/tecnicidades.org\/wp-content\/uploads\/2025\/01\/controleremoto-300x270.jpg 300w, https:\/\/tecnicidades.org\/wp-content\/uploads\/2025\/01\/controleremoto-768x691.jpg 768w\" sizes=\"auto, (max-width: 853px) 100vw, 853px\" \/><figcaption class=\"wp-element-caption\">A bobina que atua o desvio est\u00e1 ligada em s\u00e9rie com o pequeno trecho em vermelho. A quantidade de energia consumida pelo tr\u00f3lebus no momento que as alavancas passarem pelo trecho destacado em vermelho determinam se a chave vira pra direita ou se passa reto. Antigamente isso era feito dando uma forte acelerada, mas em alguns ve\u00edculos existe um bot\u00e3o que atua um contator para descarregar eletricidade na resist\u00eancia de frenagem no teto do veiculo. Ao fundo Edificio Eifell, \u00edcone modernista.<br>Foto: Street View<\/figcaption><\/figure>\n<\/div>\n\n\n\n<div class=\"wp-block-column is-layout-flow wp-block-column-is-layout-flow\">\n<figure class=\"wp-block-image size-full\"><img loading=\"lazy\" decoding=\"async\" width=\"898\" height=\"652\" src=\"https:\/\/tecnicidades.org\/wp-content\/uploads\/2025\/01\/vetrakummlermatter.jpg\" alt=\"\" class=\"wp-image-160\" srcset=\"https:\/\/tecnicidades.org\/wp-content\/uploads\/2025\/01\/vetrakummlermatter.jpg 898w, https:\/\/tecnicidades.org\/wp-content\/uploads\/2025\/01\/vetrakummlermatter-300x218.jpg 300w, https:\/\/tecnicidades.org\/wp-content\/uploads\/2025\/01\/vetrakummlermatter-768x558.jpg 768w\" sizes=\"auto, (max-width: 898px) 100vw, 898px\" \/><figcaption class=\"wp-element-caption\">Sistema Vetra da Kummler &amp; Matter. O c\u00f3digo da rota \u00e9 inserido no transponder dentro do veiculo, uma antena montada na rede a\u00e9rea recebe o sinal, atua na chave e sinaliza o luminoso com a nova posi\u00e7\u00e3o. Apesar de propriet\u00e1rio, a praticidade e tecnologia envolvida simboliza como o velho continente n\u00e3o parou em termos de pesquisa e desenvolvimento envolvendo tr\u00f3lebus.<br>Foto: Kummler &amp; Matter<\/figcaption><\/figure>\n<\/div>\n<\/div>\n\n\n\n<p>No v\u00eddeo abaixo podemos ver v\u00e1rios tr\u00f3lebus correndo em curvas e passando em chaves como se n\u00e3o fossem nada. Tamb\u00e9m contribui muito para essa performance o fato das alavancas usarem pist\u00f5es pneum\u00e1ticos em conjunto com as molas. \u00c9 necess\u00e1rio a aplica\u00e7\u00e3o de cerca de 14kg para cima a fim de manter um bom contato do carv\u00e3o da sapata coletora com a rede a\u00e9rea, por\u00e9m idealmente esse valor deveria mudar conforme a situa\u00e7\u00e3o do ve\u00edculo e do vi\u00e1rio. Com um sistema pneum\u00e1tico para amortecer e possivelmente um pouco de eletr\u00f4nica para atuar de forma din\u00e2mica, a confiabilidade aumenta e o risco de queda das alavancas diminui, com um b\u00f4nus de que passa a ser poss\u00edvel recolher e levantar as alavancas de forma remota.<\/p>\n\n\n\n<figure class=\"wp-block-embed is-type-video is-provider-youtube wp-block-embed-youtube wp-embed-aspect-16-9 wp-has-aspect-ratio\"><div class=\"wp-block-embed__wrapper\">\n<iframe loading=\"lazy\" title=\"TROLLEYBUS IS NOT SLOW! \ud83d\ude8e {Part 1}\" width=\"500\" height=\"281\" src=\"https:\/\/www.youtube.com\/embed\/d_8xqFm9EFI?feature=oembed\" frameborder=\"0\" allow=\"accelerometer; autoplay; clipboard-write; encrypted-media; gyroscope; picture-in-picture; web-share\" referrerpolicy=\"strict-origin-when-cross-origin\" allowfullscreen><\/iframe>\n<\/div><\/figure>\n\n\n\n<p>Ap\u00f3s falarmos sobre essas evolu\u00e7\u00f5es chegamos em um ponto de converg\u00eancia tecnologica na qual devemos promover um meio termo entre o tr\u00f3lebus tradicional e o \u00f4nibus a bateria. Na Europa nos \u00faltimos 15 anos muito tem feito usando tr\u00f3lebus h\u00edbridos. Linhas com itiner\u00e1rios parcialmente eletrificados, usando de ve\u00edculos que possuem capacidade de levantar a alavanca sozinho e encaixar em pontos espec\u00edficos da rede a\u00e9rea atrav\u00e9s do comando remoto do motorista.<\/p>\n\n\n\n<figure class=\"wp-block-embed is-type-video is-provider-youtube wp-block-embed-youtube wp-embed-aspect-16-9 wp-has-aspect-ratio\"><div class=\"wp-block-embed__wrapper\">\n<iframe loading=\"lazy\" title=\"Trolleybus current collector&#039;s automatic raise\" width=\"500\" height=\"281\" src=\"https:\/\/www.youtube.com\/embed\/XBGQ8HsDyDI?feature=oembed\" frameborder=\"0\" allow=\"accelerometer; autoplay; clipboard-write; encrypted-media; gyroscope; picture-in-picture; web-share\" referrerpolicy=\"strict-origin-when-cross-origin\" allowfullscreen><\/iframe>\n<\/div><\/figure>\n\n\n\n<p>Inicialmente os primeiros tr\u00f3lebus h\u00edbridos usavam de um pequeno motor a diesel de natureza estacion\u00e1ria para gerar a energia el\u00e9trica e assim mover o motor de tra\u00e7\u00e3o quando desconectado, configura\u00e7\u00e3o conhecida como h\u00edbrido em s\u00e9rie. Isso se tornou obsoleto com a possibilidade de integrar um banco de baterias de \u00edons de l\u00edtio por um custo acess\u00edvel.&nbsp;<\/p>\n\n\n\n<div class=\"wp-block-columns is-layout-flex wp-container-core-columns-is-layout-28f84493 wp-block-columns-is-layout-flex\">\n<div class=\"wp-block-column is-layout-flow wp-block-column-is-layout-flow\">\n<figure class=\"wp-block-image size-full\"><img loading=\"lazy\" decoding=\"async\" width=\"878\" height=\"691\" src=\"https:\/\/tecnicidades.org\/wp-content\/uploads\/2025\/01\/diesel.jpg\" alt=\"\" class=\"wp-image-161\" srcset=\"https:\/\/tecnicidades.org\/wp-content\/uploads\/2025\/01\/diesel.jpg 878w, https:\/\/tecnicidades.org\/wp-content\/uploads\/2025\/01\/diesel-300x236.jpg 300w, https:\/\/tecnicidades.org\/wp-content\/uploads\/2025\/01\/diesel-768x604.jpg 768w\" sizes=\"auto, (max-width: 878px) 100vw, 878px\" \/><figcaption class=\"wp-element-caption\">\u0160koda 21TrACI rodando com o motor a diesel ligado.<br>Foto: kocour<\/figcaption><\/figure>\n<\/div>\n\n\n\n<div class=\"wp-block-column is-layout-flow wp-block-column-is-layout-flow\">\n<figure class=\"wp-block-image size-large\"><img loading=\"lazy\" decoding=\"async\" width=\"1024\" height=\"669\" src=\"https:\/\/tecnicidades.org\/wp-content\/uploads\/2025\/01\/reconectando-1024x669.jpg\" alt=\"\" class=\"wp-image-162\" srcset=\"https:\/\/tecnicidades.org\/wp-content\/uploads\/2025\/01\/reconectando-1024x669.jpg 1024w, https:\/\/tecnicidades.org\/wp-content\/uploads\/2025\/01\/reconectando-300x196.jpg 300w, https:\/\/tecnicidades.org\/wp-content\/uploads\/2025\/01\/reconectando-768x502.jpg 768w, https:\/\/tecnicidades.org\/wp-content\/uploads\/2025\/01\/reconectando.jpg 1318w\" sizes=\"auto, (max-width: 1024px) 100vw, 1024px\" \/><figcaption class=\"wp-element-caption\">Tr\u00f3lebus Hess levantando as alavancas automaticamente para recarregar o banco de baterias localizado no teto do veiculo.<br>Foto: K. Grzonka<\/figcaption><\/figure>\n<\/div>\n<\/div>\n\n\n\n<p>Hoje \u00e9 comum em cidades pela Europa, tanto as que j\u00e1 possu\u00edam sistemas de tr\u00f3lebus como as que resolveram construir um do zero, ter esses ve\u00edculos h\u00edbridos, conectando e desconectando da rede a\u00e9rea v\u00e1rias vezes por dia, recarregando as baterias na parte do itiner\u00e1rio em que est\u00e1 conectado a rede a\u00e9rea e descarregando-as na parte sem.<\/p>\n\n\n\n<p>Isso traz v\u00e1rias vantagens. O custo do ve\u00edculo \u00e9 muito inferior ao de um ve\u00edculo a bateria convencional. A estrutura de recarga nas garagens \u00e9 simplificada visto que a recarga se d\u00e1 de forma gradual ao longo do dia.<\/p>\n\n\n\n<div class=\"wp-block-columns is-layout-flex wp-container-core-columns-is-layout-28f84493 wp-block-columns-is-layout-flex\">\n<div class=\"wp-block-column is-layout-flow wp-block-column-is-layout-flow\">\n<figure class=\"wp-block-image size-large\"><img loading=\"lazy\" decoding=\"async\" width=\"1024\" height=\"551\" src=\"https:\/\/tecnicidades.org\/wp-content\/uploads\/2025\/01\/muni-1024x551.jpg\" alt=\"\" class=\"wp-image-164\" srcset=\"https:\/\/tecnicidades.org\/wp-content\/uploads\/2025\/01\/muni-1024x551.jpg 1024w, https:\/\/tecnicidades.org\/wp-content\/uploads\/2025\/01\/muni-300x161.jpg 300w, https:\/\/tecnicidades.org\/wp-content\/uploads\/2025\/01\/muni-768x413.jpg 768w, https:\/\/tecnicidades.org\/wp-content\/uploads\/2025\/01\/muni-1536x826.jpg 1536w, https:\/\/tecnicidades.org\/wp-content\/uploads\/2025\/01\/muni.jpg 1920w\" sizes=\"auto, (max-width: 1024px) 100vw, 1024px\" \/><figcaption class=\"wp-element-caption\">O tr\u00f3lebus com baterias tornou obsoleto as garagens com rede a\u00e9rea em todas as posi\u00e7\u00f5es de estacionamento, simplificando drasticamente a implanta\u00e7\u00e3o de novos sistemas. Na foto a garagem da MUNI em S\u00e3o Francisco.<br>Foto: Dom\u00ednio P\u00fablico<\/figcaption><\/figure>\n<\/div>\n\n\n\n<div class=\"wp-block-column is-layout-flow wp-block-column-is-layout-flow\">\n<figure class=\"wp-block-image size-large\"><img loading=\"lazy\" decoding=\"async\" width=\"1024\" height=\"746\" src=\"https:\/\/tecnicidades.org\/wp-content\/uploads\/2025\/01\/carregadores-1024x746.jpg\" alt=\"\" class=\"wp-image-165\" srcset=\"https:\/\/tecnicidades.org\/wp-content\/uploads\/2025\/01\/carregadores-1024x746.jpg 1024w, https:\/\/tecnicidades.org\/wp-content\/uploads\/2025\/01\/carregadores-300x219.jpg 300w, https:\/\/tecnicidades.org\/wp-content\/uploads\/2025\/01\/carregadores-768x560.jpg 768w, https:\/\/tecnicidades.org\/wp-content\/uploads\/2025\/01\/carregadores-1536x1120.jpg 1536w, https:\/\/tecnicidades.org\/wp-content\/uploads\/2025\/01\/carregadores.jpg 1575w\" sizes=\"auto, (max-width: 1024px) 100vw, 1024px\" \/><figcaption class=\"wp-element-caption\">Enquanto isso os \u00f4nibus a bateria exigem garagens com carregadores de alta potencia, demandando das distribuidoras de energia novas liga\u00e7\u00f5es de alta tens\u00e3o dado a insufici\u00eancia do sistema de m\u00e9dia tens\u00e3o pra essa aplica\u00e7\u00e3o:<br>Foto: Pollyana R\u00eago\/WRI Brasil<\/figcaption><\/figure>\n<\/div>\n<\/div>\n\n\n\n<p>A maior vantagem de um tr\u00f3lebus convencional em rela\u00e7\u00e3o a um \u00f4nibus com bateria \u00e9 a efici\u00eancia energ\u00e9tica que \u00e9 muito superior dado que uma recarga nada mais \u00e9 que a convers\u00e3o de energia potencial el\u00e9trica em energia potencial qu\u00edmica, que ocorre com perdas e desgaste da bateria. A transmiss\u00e3o direta de eletricidade al\u00e9m de muito mais eficiente, ocorre em tempo real.<\/p>\n\n\n\n<p>Imagine que voc\u00ea est\u00e1 em um tr\u00f3lebus, acelerando em alta velocidade ladeira acima. \u00c9 bom ter a ci\u00eancia de que a energia el\u00e9trica que est\u00e1 te empurrando montanha acima acabou de ser criada. No mesmo segundo que voc\u00ea sobe a montanha, quem te empurra \u00e9 a \u00e1gua que caiu em Itaipu, ou o \u00e1tomo de ur\u00e2nio que quebrou em Angra e produziu o vapor para girar suas turbinas.&nbsp;<\/p>\n\n\n\n<div class=\"wp-block-columns is-layout-flex wp-container-core-columns-is-layout-28f84493 wp-block-columns-is-layout-flex\">\n<div class=\"wp-block-column is-layout-flow wp-block-column-is-layout-flow\">\n<figure class=\"wp-block-image size-large\"><img loading=\"lazy\" decoding=\"async\" width=\"1024\" height=\"651\" src=\"https:\/\/tecnicidades.org\/wp-content\/uploads\/2025\/01\/itaipu-1024x651.jpg\" alt=\"\" class=\"wp-image-166\" srcset=\"https:\/\/tecnicidades.org\/wp-content\/uploads\/2025\/01\/itaipu-1024x651.jpg 1024w, https:\/\/tecnicidades.org\/wp-content\/uploads\/2025\/01\/itaipu-300x191.jpg 300w, https:\/\/tecnicidades.org\/wp-content\/uploads\/2025\/01\/itaipu-768x488.jpg 768w, https:\/\/tecnicidades.org\/wp-content\/uploads\/2025\/01\/itaipu.jpg 1133w\" sizes=\"auto, (max-width: 1024px) 100vw, 1024px\" \/><figcaption class=\"wp-element-caption\">O cair das aguas de Itaipu&#8230;<br>Foto: CC BY-SA   Jonas de Carvalho<\/figcaption><\/figure>\n<\/div>\n\n\n\n<div class=\"wp-block-column is-layout-flow wp-block-column-is-layout-flow\">\n<figure class=\"wp-block-image size-large\"><img loading=\"lazy\" decoding=\"async\" width=\"1024\" height=\"682\" src=\"https:\/\/tecnicidades.org\/wp-content\/uploads\/2025\/01\/angra-1024x682.jpg\" alt=\"\" class=\"wp-image-167\" srcset=\"https:\/\/tecnicidades.org\/wp-content\/uploads\/2025\/01\/angra-1024x682.jpg 1024w, https:\/\/tecnicidades.org\/wp-content\/uploads\/2025\/01\/angra-300x200.jpg 300w, https:\/\/tecnicidades.org\/wp-content\/uploads\/2025\/01\/angra-768x512.jpg 768w, https:\/\/tecnicidades.org\/wp-content\/uploads\/2025\/01\/angra.jpg 1280w\" sizes=\"auto, (max-width: 1024px) 100vw, 1024px\" \/><figcaption class=\"wp-element-caption\">&#8230;ou o quebrar do \u00e1tomo em Angra dos Reis&#8230;<br>Foto: CC BY-SA Mike Peel<\/figcaption><\/figure>\n<\/div>\n<\/div>\n\n\n\n<figure class=\"wp-block-image size-large\"><img loading=\"lazy\" decoding=\"async\" width=\"1024\" height=\"473\" src=\"https:\/\/tecnicidades.org\/wp-content\/uploads\/2025\/01\/ladeirona-1024x473.webp\" alt=\"\" class=\"wp-image-172\" srcset=\"https:\/\/tecnicidades.org\/wp-content\/uploads\/2025\/01\/ladeirona-1024x473.webp 1024w, https:\/\/tecnicidades.org\/wp-content\/uploads\/2025\/01\/ladeirona-300x139.webp 300w, https:\/\/tecnicidades.org\/wp-content\/uploads\/2025\/01\/ladeirona-768x355.webp 768w, https:\/\/tecnicidades.org\/wp-content\/uploads\/2025\/01\/ladeirona-1536x710.webp 1536w, https:\/\/tecnicidades.org\/wp-content\/uploads\/2025\/01\/ladeirona.webp 1920w\" sizes=\"auto, (max-width: 1024px) 100vw, 1024px\" \/><figcaption class=\"wp-element-caption\">&#8230;Instantaneamente empurram um tr\u00f3lebus ladeira acima, centenas de km de distancia do lugar onde a eletricidade foi gerada.<br>Foto: Ricardo Salzano<\/figcaption><\/figure>\n\n\n\n<p>Ou melhor ainda, at\u00e9 mesmo o painel solar no telhado da casa na mesm\u00edssima rua que seu tr\u00f3lebus est\u00e1 passando. Esse painel solar pode muito bem estar produzindo mais energia do que a casa tem capacidade de consumir, devolvendo a energia para a rede el\u00e9trica, que ap\u00f3s subir de 220 volts pra 13.800 volts no transformador da rua logo chega na subesta\u00e7\u00e3o do sistema tr\u00f3lebus e \u00e9 abaixado para 600 volts em corrente cont\u00ednua para ser imediatamente consumido pelo seu ve\u00edculo, que agora te leva morro acima.<\/p>\n\n\n\n<figure class=\"wp-block-image size-full is-resized\"><img loading=\"lazy\" decoding=\"async\" width=\"576\" height=\"383\" src=\"https:\/\/tecnicidades.org\/wp-content\/uploads\/2025\/01\/descendo.jpg\" alt=\"\" class=\"wp-image-169\" style=\"width:645px;height:auto\" srcset=\"https:\/\/tecnicidades.org\/wp-content\/uploads\/2025\/01\/descendo.jpg 576w, https:\/\/tecnicidades.org\/wp-content\/uploads\/2025\/01\/descendo-300x199.jpg 300w\" sizes=\"auto, (max-width: 576px) 100vw, 576px\" \/><figcaption class=\"wp-element-caption\">Skoda 14Tr em S\u00e3o Francisco descendo uma ladeira. Em sistemas que as subesta\u00e7\u00f5es e os ve\u00edculos suportam \u00e9 poss\u00edvel que a energia gerada ao frear ladeira abaixo seja diretamente enviada de volta pra rede naquele ponto. Logo, um veiculo descendo pode simplesmente empurrar um outro subindo.<br>Foto: Claire Pendrous<\/figcaption><\/figure>\n\n\n\n<p>Ao descer esse morro do outro lado, seu ve\u00edculo n\u00e3o frear\u00e1 em v\u00e3o, convertendo o pr\u00f3prio motor de tra\u00e7\u00e3o em gerador e tendo a energia produzida enviada diretamente para a rede a\u00e9rea de forma que outro ve\u00edculo possa imediatamente usar. \u00d4nibus a baterias tamb\u00e9m possuem a capacidade de frenagem regenerativa mas com menos efici\u00eancia devido a sua capacidade de absor\u00e7\u00e3o energ\u00e9tica limitada.<\/p>\n\n\n\n<p>Com o barateamento dos pain\u00e9is solares o custo da energia durante o per\u00edodo do dia tamb\u00e9m deve cair consideravelmente dado o excesso de gera\u00e7\u00e3o, por isso ter fontes de demanda nesse per\u00edodo \u00e9 importante. \u00d4nibus a bateria colocam quase toda essa demanda \u00e0 noite.&nbsp;<\/p>\n\n\n\n<div class=\"wp-block-columns is-layout-flex wp-container-core-columns-is-layout-28f84493 wp-block-columns-is-layout-flex\">\n<div class=\"wp-block-column is-layout-flow wp-block-column-is-layout-flow\">\n<figure class=\"wp-block-image size-full is-resized\"><img loading=\"lazy\" decoding=\"async\" width=\"1019\" height=\"673\" src=\"https:\/\/tecnicidades.org\/wp-content\/uploads\/2025\/01\/fotovoltaico.jpg\" alt=\"\" class=\"wp-image-170\" style=\"width:273px;height:auto\" srcset=\"https:\/\/tecnicidades.org\/wp-content\/uploads\/2025\/01\/fotovoltaico.jpg 1019w, https:\/\/tecnicidades.org\/wp-content\/uploads\/2025\/01\/fotovoltaico-300x198.jpg 300w, https:\/\/tecnicidades.org\/wp-content\/uploads\/2025\/01\/fotovoltaico-768x507.jpg 768w\" sizes=\"auto, (max-width: 1019px) 100vw, 1019px\" \/><figcaption class=\"wp-element-caption\">Instala\u00e7\u00e3o dom\u00e9stica de pain\u00e9is fotovoltaicos tem crescido ano ap\u00f3s ano, barateando extremamente a eletricidade no per\u00edodo da tarde e desafiando os sistemas de distribui\u00e7\u00e3o projetados tradicionalmente para uma topologia centralizada.<br>Foto: IT Solar<\/figcaption><\/figure>\n<\/div>\n\n\n\n<div class=\"wp-block-column is-layout-flow wp-block-column-is-layout-flow\">\n<figure class=\"wp-block-image size-full\"><img loading=\"lazy\" decoding=\"async\" width=\"600\" height=\"363\" src=\"https:\/\/tecnicidades.org\/wp-content\/uploads\/2025\/01\/compacta.jpg\" alt=\"\" class=\"wp-image-171\" srcset=\"https:\/\/tecnicidades.org\/wp-content\/uploads\/2025\/01\/compacta.jpg 600w, https:\/\/tecnicidades.org\/wp-content\/uploads\/2025\/01\/compacta-300x182.jpg 300w\" sizes=\"auto, (max-width: 600px) 100vw, 600px\" \/><figcaption class=\"wp-element-caption\">Subesta\u00e7\u00f5es de tr\u00f3lebus se alimentam da rede de m\u00e9dia tens\u00e3o (13800 volts CA) da concessionaria para reduzir e retificar para a rede a\u00e9rea dos tr\u00f3lebus (600 volts CC). \u00c9 uma demanda no per\u00edodo da tarde bem vinda, pr\u00f3ximo a novos locais de gera\u00e7\u00e3o.<br>Na foto uma subesta\u00e7\u00e3o compacta instalada no corredor ABD.<br>Foto: Respira S\u00e3o Paulo<\/figcaption><\/figure>\n<\/div>\n<\/div>\n\n\n\n<p>Existe tamb\u00e9m uma disparidade com os tr\u00f3lebus no que tange a performance dado que as baterias s\u00e3o muito exigidas por acelera\u00e7\u00f5es, subidas e pelo pr\u00f3prio sistema de climatiza\u00e7\u00e3o, problemas n\u00e3o existentes ao ter fonte de energia garantida na rede a\u00e9rea. Ao longo dos anos sua autonomia tamb\u00e9m deve diminuir por desgaste, influenciado pelos fatores acima citados.&nbsp;<\/p>\n\n\n\n<figure class=\"wp-block-image size-full is-resized\"><img loading=\"lazy\" decoding=\"async\" width=\"570\" height=\"342\" src=\"https:\/\/tecnicidades.org\/wp-content\/uploads\/2025\/01\/asfalto.webp\" alt=\"\" class=\"wp-image-173\" style=\"width:645px;height:auto\" srcset=\"https:\/\/tecnicidades.org\/wp-content\/uploads\/2025\/01\/asfalto.webp 570w, https:\/\/tecnicidades.org\/wp-content\/uploads\/2025\/01\/asfalto-300x180.webp 300w\" sizes=\"auto, (max-width: 570px) 100vw, 570px\" \/><figcaption class=\"wp-element-caption\">Com 4 toneladas adicionais em peso, \u00f4nibus puramente a bateria tendem a estressar mais o viario.<br>Foto: O Globo<\/figcaption><\/figure>\n\n\n\n<p>O peso tamb\u00e9m \u00e9 um problema que gera maior estresse no vi\u00e1rio com aumento no custo de sua manuten\u00e7\u00e3o. Sendo um peso morto no ve\u00edculo, existe um problema retroalimentado: Se instala mais baterias para ter mais autonomia durante o dia, s\u00f3 que por isso o ve\u00edculo fica mais pesado e mais energia \u00e9 necess\u00e1rio para tir\u00e1-lo do lugar, logo, mais baterias s\u00e3o adicionadas. Tr\u00f3lebus com baterias menores que ter\u00e3o mais ciclos de recarga ao longo do dia tendem a ser uma solu\u00e7\u00e3o melhor por conta disso.&nbsp;<\/p>\n\n\n\n<p>N\u00e3o \u00e9 necess\u00e1rio recarregar de madrugada um banco enorme e pesado de baterias, puxando in\u00fameros amperes de uma vez s\u00f3 em um hor\u00e1rio sem luz solar barata com uma infraestrutura de alimenta\u00e7\u00e3o cara que s\u00f3 deve ser usada em um per\u00edodo, isso para ter 300 km de autonomia ao longo do dia que com os anos pode diminuir e deixar de ser suficiente.<\/p>\n\n\n\n<p>Claro que isso tudo \u00e9 melhor que um ve\u00edculo a diesel, e pode ser um bom plano de substitui\u00e7\u00e3o, mas onde existe tr\u00f3lebus eles s\u00e3o inerentemente melhores e com baterias de \u00edons de l\u00edtio com mais autonomia que as atuais de chumbo-\u00e1cido, as garagens que hoje possuem complexas redes a\u00e9reas com rede bi-filar para todas as posi\u00e7\u00f5es de estacionamento podem ser consideravelmente simplificadas, barateando muito a sua constru\u00e7\u00e3o.<\/p>\n\n\n\n<figure class=\"wp-block-image size-full\"><img loading=\"lazy\" decoding=\"async\" width=\"848\" height=\"478\" src=\"https:\/\/tecnicidades.org\/wp-content\/uploads\/2025\/01\/SP-eletricos-848x478-1.jpeg\" alt=\"\" class=\"wp-image-174\" srcset=\"https:\/\/tecnicidades.org\/wp-content\/uploads\/2025\/01\/SP-eletricos-848x478-1.jpeg 848w, https:\/\/tecnicidades.org\/wp-content\/uploads\/2025\/01\/SP-eletricos-848x478-1-300x169.jpeg 300w, https:\/\/tecnicidades.org\/wp-content\/uploads\/2025\/01\/SP-eletricos-848x478-1-768x433.jpeg 768w\" sizes=\"auto, (max-width: 848px) 100vw, 848px\" \/><figcaption class=\"wp-element-caption\">O absurdo da vez s\u00e3o \u00f4nibus a bateria rodando em linhas j\u00e1 eletrificadas e plenamente capazes de rodar tr\u00f3lebus, derrotando completamente o prop\u00f3sito e n\u00e3o evitando a emiss\u00e3o de uma grama sequer de di\u00f3xido de carb\u00f4nico.<br>Foto: Divulga\u00e7\u00e3o<\/figcaption><\/figure>\n\n\n\n<p>N\u00e3o devemos esquecer que a voca\u00e7\u00e3o do tr\u00f3lebus \u00e9 a performance. Um ve\u00edculo el\u00e9trico tem seu conjunto auto-motriz simples, com apenas um motor e uma redu\u00e7\u00e3o, quando n\u00e3o somente o motor. Hoje \u00e9 poss\u00edvel instalar motores diretamente no cubo das rodas e muitas cidades na Europa tem experimentado essa abordagem. No Brasil h\u00e1 pelo menos 20 anos n\u00e3o \u00e9 incomum projetos de tr\u00f3lebus articulados com mais de um eixo tracionando, possuindo um motor com diferencial tanto no carro l\u00edder quanto no reboque.<\/p>\n\n\n\n<p>Por esses fatores, linhas de tr\u00f3lebus com todo o itiner\u00e1rio eletrificado s\u00e3o essenciais em corredores onde performam melhor, mas ainda podendo ser aplicado em grandes avenidas vicinais de perfil troncalizado, especialmente se a \u00e1rea for de perfil acidentado.<\/p>\n\n\n\n<figure class=\"wp-block-image size-large\"><img loading=\"lazy\" decoding=\"async\" width=\"1024\" height=\"686\" src=\"https:\/\/tecnicidades.org\/wp-content\/uploads\/2025\/01\/ladeira-1024x686.jpg\" alt=\"\" class=\"wp-image-168\" srcset=\"https:\/\/tecnicidades.org\/wp-content\/uploads\/2025\/01\/ladeira-1024x686.jpg 1024w, https:\/\/tecnicidades.org\/wp-content\/uploads\/2025\/01\/ladeira-300x201.jpg 300w, https:\/\/tecnicidades.org\/wp-content\/uploads\/2025\/01\/ladeira-768x515.jpg 768w, https:\/\/tecnicidades.org\/wp-content\/uploads\/2025\/01\/ladeira.jpg 1280w\" sizes=\"auto, (max-width: 1024px) 100vw, 1024px\" \/><figcaption class=\"wp-element-caption\">Tr\u00f3lebus escalando ladeira ingrime em S\u00e3o Francisco.<br>Foto: CC BY   lpcmidst0128<\/figcaption><\/figure>\n\n\n\n<p>O tr\u00f3lebus com baterias para autonomia na casa dos 30 Km abre a possibilidade de uma maior capilariza\u00e7\u00e3o do transporte el\u00e9trico visto que \u00e9 poss\u00edvel operar conectado na rede enquanto recarrega ao longo dos corredores e avenidas, por\u00e9m libertando-se dessa ao adentrar nos bairros.<\/p>\n\n\n\n<p id=\"futuro\"><strong>Futuro<\/strong><\/p>\n\n\n\n<p>\u00c9 a\u00ed que enxergo a maior falta de vis\u00e3o do novo corredor ligando o ABC Paulista com a capital. A Eletra fez muito bem em desenvolver seu tr\u00f3lebus h\u00edbrido a bateria usando dos preceitos tecnol\u00f3gicos explicados acima, mas o Governo do Estado com a NEXT est\u00e1 sendo muito simplista em us\u00e1-los em um corredor novo que idealmente deveria nascer completamente eletrificado.<br><\/p>\n\n\n\n<figure class=\"wp-block-image size-full\"><img loading=\"lazy\" decoding=\"async\" width=\"700\" height=\"445\" src=\"https:\/\/tecnicidades.org\/wp-content\/uploads\/2025\/01\/etrol.jpg\" alt=\"\" class=\"wp-image-175\" srcset=\"https:\/\/tecnicidades.org\/wp-content\/uploads\/2025\/01\/etrol.jpg 700w, https:\/\/tecnicidades.org\/wp-content\/uploads\/2025\/01\/etrol-300x191.jpg 300w\" sizes=\"auto, (max-width: 700px) 100vw, 700px\" \/><figcaption class=\"wp-element-caption\">Tr\u00f3lebus E-Trol fabricado pela Eletra. Com um grande banco de baterias de \u00edons de l\u00edtio ele \u00e9 capaz de percorrer dezenas de km desconectado e ao reconectar recarregar rapidamente, t\u00e3o bem quanto suas contrapartes europeias.<br>Foto: Henrique Santos<\/figcaption><\/figure>\n\n\n\n<p>Essa tecnologia \u00e9 boa para a capilariza\u00e7\u00e3o do sistema, n\u00e3o para o uso completo em corredores. Nesse caso se torna um desperd\u00edcio. A \u00fanica desculpa que sobra \u00e9 ser uma solu\u00e7\u00e3o pontual que antecede a completa eletrifica\u00e7\u00e3o do corredor, que deve ser cobrada pela sociedade.<\/p>\n\n\n\n<p>De qualquer forma, a tecnologia tem muito potencial no sistema da capital onde linhas que compartilham do itiner\u00e1rio com trechos que j\u00e1 possuem rede a\u00e9rea poderiam utiliz\u00e1-la. Isso exigiria investimentos na repotencializa\u00e7\u00e3o do sistema, que abriria margem tamb\u00e9m para a completa climatiza\u00e7\u00e3o da frota. Idealmente, corredores tamb\u00e9m deveriam ser eletrificados de ponta a ponta e tr\u00f3lebus comuns (com bancos de baterias apenas para manobras) comprados para elas.<br><\/p>\n\n\n\n<figure class=\"wp-block-image size-full\"><img loading=\"lazy\" decoding=\"async\" width=\"1280\" height=\"818\" src=\"https:\/\/tecnicidades.org\/wp-content\/uploads\/2025\/01\/Primeiro-BRT-com-frota-100-eletrica-ligara-Sao-Bernardo-a-capital-em-ate-40-minutos.avif\" alt=\"\" class=\"wp-image-176\"\/><figcaption class=\"wp-element-caption\">BRT-ABC deve possuir rede a\u00e9rea em apenas um dos sentidos, com a bateria sendo descarregada no sentido contr\u00e1rio. Por que n\u00e3o eletrificar tudo de uma vez e dispensar as baterias?<br>Render: Divulga\u00e7\u00e3o<\/figcaption><\/figure>\n\n\n\n<p>Garagens podem ser readequadas de forma simples, nova rede deve ser constru\u00edda usando o que h\u00e1 de melhor ao redor do mundo, e um plano de reconstru\u00e7\u00e3o da rede atual deve ser contemplado. Deve ser desenvolvido planos de manuten\u00e7\u00e3o preventiva e n\u00e3o t\u00e3o somente corretiva como feito atualmente.&nbsp;<\/p>\n\n\n\n<p>O fantasma da polui\u00e7\u00e3o visual pode ser mitigado usando tirantes que aproveitem as paredes das edifica\u00e7\u00f5es existentes, e postes que combinam fun\u00e7\u00f5es como luz ou sem\u00e1foros, limitando a polui\u00e7\u00e3o visual a entroncamentos de constru\u00e7\u00e3o mais complexa.&nbsp;<\/p>\n\n\n\n<figure class=\"wp-block-image size-full\"><img loading=\"lazy\" decoding=\"async\" width=\"1000\" height=\"750\" src=\"https:\/\/tecnicidades.org\/wp-content\/uploads\/2025\/01\/nancy-1.jpg\" alt=\"\" class=\"wp-image-178\" srcset=\"https:\/\/tecnicidades.org\/wp-content\/uploads\/2025\/01\/nancy-1.jpg 1000w, https:\/\/tecnicidades.org\/wp-content\/uploads\/2025\/01\/nancy-1-300x225.jpg 300w, https:\/\/tecnicidades.org\/wp-content\/uploads\/2025\/01\/nancy-1-768x576.jpg 768w\" sizes=\"auto, (max-width: 1000px) 100vw, 1000px\" \/><figcaption class=\"wp-element-caption\">Rede a\u00e9rea em Nancy na Fran\u00e7a \u00e9 integrada nos mesmos postes da ilumina\u00e7\u00e3o p\u00fablica.<br>Foto: Yury Maller<\/figcaption><\/figure>\n\n\n\n<p>Nesse aspecto n\u00e3o podemos nos esquecer que o maior vil\u00e3o aqui tende a ser as dezenas de concession\u00e1rias que usam e abusam dos postes da prefeitura e n\u00e3o mant\u00e9m um invent\u00e1rio adequado dos pr\u00f3prios ativos, abandonando fios e poluindo nossas cal\u00e7adas.<\/p>\n\n\n\n<figure class=\"wp-block-image size-full\"><img loading=\"lazy\" decoding=\"async\" width=\"1024\" height=\"683\" src=\"https:\/\/tecnicidades.org\/wp-content\/uploads\/2025\/01\/fios.jpg\" alt=\"\" class=\"wp-image-180\" srcset=\"https:\/\/tecnicidades.org\/wp-content\/uploads\/2025\/01\/fios.jpg 1024w, https:\/\/tecnicidades.org\/wp-content\/uploads\/2025\/01\/fios-300x200.jpg 300w, https:\/\/tecnicidades.org\/wp-content\/uploads\/2025\/01\/fios-768x512.jpg 768w\" sizes=\"auto, (max-width: 1024px) 100vw, 1024px\" \/><figcaption class=\"wp-element-caption\">Concessionarias de telecomunica\u00e7\u00f5es e energia abarrotam de forma indiscriminada os postes da cidade.<br>Foto: Danilo Verpa<\/figcaption><\/figure>\n\n\n\n<p>Mas enfim, \u00e9 fato que com bom asfalto, boa rede e novas tecnologias, os tr\u00f3lebus devem ter protagonismo ao longo do s\u00e9culo XXI a fim de atingirmos as metas de redu\u00e7\u00e3o de emiss\u00f5es de gases de efeito estufa. Isso j\u00e1 est\u00e1 acontecendo no mundo e apesar de tratar nesse texto muito da quest\u00e3o local, tudo aqui pode e deve ser aplicado em outros locais. Para tal \u00e9 necess\u00e1rio a cria\u00e7\u00e3o de novos mecanismos que permitam o estudo, o financiamento e assim a viabiliza\u00e7\u00e3o da abertura de novos sistemas pelo Brasil.<\/p>\n\n\n\n<p>S\u00e3o Paulo ocorre de ter um bom ponto de partida que apesar de andar em constante amea\u00e7a existencial pode servir de base para algo muito maior, voltando a servir de refer\u00eancia regional e mundial, mas isso n\u00e3o significa que outras cidades n\u00e3o possam desenvolver e implementar um sistema do zero e assim tamb\u00e9m ter protagonismo.<\/p>\n\n\n\n<p>Encerro esse longo texto desejando tudo de bom e do melhor para todos que tiveram a paci\u00eancia de ler, e pedindo para refletir com carinho nas quest\u00f5es propostas.&nbsp;<\/p>\n","protected":false},"excerpt":{"rendered":"<p>35 minutos de leitura Em vias de completar 76 anos os tr\u00f3lebus de S\u00e3o Paulo t\u00eam bastante a nos ensinar e fazer refletir sobre a cidade, sobre pol\u00edticas p\u00fablicas e sobre nossa rela\u00e7\u00e3o com a tecnologia. Mesmo com todas as dificuldades, o sistema \u2013 em conjunto com o do ABC Paulista \u2013 ainda \u00e9 o [&hellip;]<\/p>\n","protected":false},"author":1,"featured_media":130,"comment_status":"open","ping_status":"open","sticky":false,"template":"","format":"standard","meta":{"footnotes":""},"categories":[12],"tags":[16,15,18,17],"class_list":["post-82","post","type-post","status-publish","format-standard","has-post-thumbnail","hentry","category-editoriais","tag-editorial","tag-posts","tag-tecnicidades","tag-trolebus"],"_links":{"self":[{"href":"https:\/\/tecnicidades.org\/index.php?rest_route=\/wp\/v2\/posts\/82","targetHints":{"allow":["GET"]}}],"collection":[{"href":"https:\/\/tecnicidades.org\/index.php?rest_route=\/wp\/v2\/posts"}],"about":[{"href":"https:\/\/tecnicidades.org\/index.php?rest_route=\/wp\/v2\/types\/post"}],"author":[{"embeddable":true,"href":"https:\/\/tecnicidades.org\/index.php?rest_route=\/wp\/v2\/users\/1"}],"replies":[{"embeddable":true,"href":"https:\/\/tecnicidades.org\/index.php?rest_route=%2Fwp%2Fv2%2Fcomments&post=82"}],"version-history":[{"count":31,"href":"https:\/\/tecnicidades.org\/index.php?rest_route=\/wp\/v2\/posts\/82\/revisions"}],"predecessor-version":[{"id":218,"href":"https:\/\/tecnicidades.org\/index.php?rest_route=\/wp\/v2\/posts\/82\/revisions\/218"}],"wp:featuredmedia":[{"embeddable":true,"href":"https:\/\/tecnicidades.org\/index.php?rest_route=\/wp\/v2\/media\/130"}],"wp:attachment":[{"href":"https:\/\/tecnicidades.org\/index.php?rest_route=%2Fwp%2Fv2%2Fmedia&parent=82"}],"wp:term":[{"taxonomy":"category","embeddable":true,"href":"https:\/\/tecnicidades.org\/index.php?rest_route=%2Fwp%2Fv2%2Fcategories&post=82"},{"taxonomy":"post_tag","embeddable":true,"href":"https:\/\/tecnicidades.org\/index.php?rest_route=%2Fwp%2Fv2%2Ftags&post=82"}],"curies":[{"name":"wp","href":"https:\/\/api.w.org\/{rel}","templated":true}]}}