{"id":54,"date":"2025-01-02T02:31:56","date_gmt":"2025-01-02T05:31:56","guid":{"rendered":"https:\/\/tecnicidades.org\/?p=54"},"modified":"2025-01-02T02:31:56","modified_gmt":"2025-01-02T05:31:56","slug":"o-inicio","status":"publish","type":"post","link":"https:\/\/tecnicidades.org\/?p=54","title":{"rendered":"O Inicio"},"content":{"rendered":"\n<p>No dia 22 de abril coincidem duas datas comemorativas que me inspiraram a finalmente criar esse site e publicar o que penso quanto a nossas cidades, nossa na\u00e7\u00e3o e nossa economia, com foco nos desafios que devemos encontrar ao longo do s\u00e9culo XXI.<\/p>\n\n\n\n<p>Antes de sequer imaginarmos a magnitude da emerg\u00eancia clim\u00e1tica da qual nos envolver\u00edamos, ainda na virada da d\u00e9cada de 1970, movimentos de ativistas do meio ambiente, da paz e sindicalistas da ind\u00fastria automobil\u00edstica se uniram, fortaleceram e culminaram naquilo que viria a ser o Dia Internacional da Terra.&nbsp;<\/p>\n\n\n\n<figure class=\"wp-block-image size-full\"><img loading=\"lazy\" decoding=\"async\" width=\"650\" height=\"434\" src=\"https:\/\/tecnicidades.org\/wp-content\/uploads\/2025\/01\/image.png\" alt=\"\" class=\"wp-image-55\" srcset=\"https:\/\/tecnicidades.org\/wp-content\/uploads\/2025\/01\/image.png 650w, https:\/\/tecnicidades.org\/wp-content\/uploads\/2025\/01\/image-300x200.png 300w\" sizes=\"auto, (max-width: 650px) 100vw, 650px\" \/><figcaption class=\"wp-element-caption\">Manifestantes na passeata do que viria a ser o dia internacional da terra em Nova York<br><a href=\"https:\/\/www.archives.nyc\/\">NYC Dept. of Records and Information Services<\/a><\/figcaption><\/figure>\n\n\n\n<p>Realizado no dia 22 de abril de 1970 nos Estados Unidos e com mais de 20 milh\u00f5es de manifestantes nas ruas, ficou marcado na hist\u00f3ria ao trazer visibilidade a discuss\u00e3o do meio ambiente e da paz. Os tempos eram outros: a gasolina ainda era barata, a guerra do Vietnam rolava solta, e a no\u00e7\u00e3o de responsabilidade para com a natureza ainda engatinhava.<\/p>\n\n\n\n<p>Muito mudou daquele 22 de abril para c\u00e1. A data ganhou um significado maior e com muita pesquisa e dedica\u00e7\u00e3o de in\u00fameros cientistas acabamos descobrindo o tamanho do problema em que nos encontramos. As mudan\u00e7as clim\u00e1ticas s\u00e3o reais, j\u00e1 est\u00e3o acontecendo e somos respons\u00e1veis diretos por elas.&nbsp;<\/p>\n\n\n\n<p>A emiss\u00e3o desenfreada de gases causadores do efeito estufa na atmosfera que ocorre desde a revolu\u00e7\u00e3o industrial desencadeou uma situa\u00e7\u00e3o perigosa que agora temos que agir para conter.&nbsp;<\/p>\n\n\n\n<p>Ao mesmo tempo, a revolu\u00e7\u00e3o industrial foi um marco importante que trouxe uma eleva\u00e7\u00e3o da qualidade de vida nunca antes vista na hist\u00f3ria da humanidade. \u00c9 a mesma revolu\u00e7\u00e3o industrial que permite eu ligar esse computador e escrever esse texto. Uma contradi\u00e7\u00e3o com a qual temos que conviver e saber lidar.<\/p>\n\n\n\n<figure class=\"wp-block-image size-full\"><img loading=\"lazy\" decoding=\"async\" width=\"886\" height=\"434\" src=\"https:\/\/tecnicidades.org\/wp-content\/uploads\/2025\/01\/image-1.png\" alt=\"\" class=\"wp-image-56\" srcset=\"https:\/\/tecnicidades.org\/wp-content\/uploads\/2025\/01\/image-1.png 886w, https:\/\/tecnicidades.org\/wp-content\/uploads\/2025\/01\/image-1-300x147.png 300w, https:\/\/tecnicidades.org\/wp-content\/uploads\/2025\/01\/image-1-768x376.png 768w\" sizes=\"auto, (max-width: 886px) 100vw, 886px\" \/><figcaption class=\"wp-element-caption\">Gravura da <em>Barrow Hematite Steel Company Limited<\/em> na inglaterra.<br>Dom\u00ednio p\u00fablico<\/figcaption><\/figure>\n\n\n\n<p>Muitos podem negar a exist\u00eancia, ou reclamar por metas tidas como demasiadamente draconianas, por\u00e9m a emerg\u00eancia clim\u00e1tica \u00e9 real e temos que fazer alguma coisa antes que chegue em um ponto de n\u00e3o retorno.&nbsp;<\/p>\n\n\n\n<p>Por\u00e9m ao superar a fase da nega\u00e7\u00e3o nos resta duas op\u00e7\u00f5es: encarar a realidade pelo vi\u00e9s negativo de que nada pode ser feito e que estamos condenados, sendo mais conveniente e confort\u00e1vel manter as coisas como est\u00e3o, o que assisto em grande parte de minha gera\u00e7\u00e3o.<\/p>\n\n\n\n<p>Ou colocar os dois p\u00e9s no ch\u00e3o, ter uma vis\u00e3o de 360 graus, refletir e aprender com o passado, pensar no presente e discutir e debater o futuro para que possamos atravessar esse desafio de forma a nos fortalecermos e sairmos melhor do outro lado. Esse \u00e9 o meu vi\u00e9s e esse \u00e9 o vi\u00e9s deste site.<\/p>\n\n\n\n<p>Nosso ponto de partida \u00e9 o presente, por\u00e9m \u00e9 essencial refletirmos sobre o passado e aqui emendo com outro evento que ocorreu em um 22 de abril: Em 1949 circulou pela primeira vez em linha comercial os tr\u00f3lebus que ligavam o bairro da Aclima\u00e7\u00e3o com o centro.<\/p>\n\n\n\n<figure class=\"wp-block-image size-full\"><img loading=\"lazy\" decoding=\"async\" width=\"640\" height=\"410\" src=\"https:\/\/tecnicidades.org\/wp-content\/uploads\/2025\/01\/image-2.png\" alt=\"\" class=\"wp-image-57\" srcset=\"https:\/\/tecnicidades.org\/wp-content\/uploads\/2025\/01\/image-2.png 640w, https:\/\/tecnicidades.org\/wp-content\/uploads\/2025\/01\/image-2-300x192.png 300w\" sizes=\"auto, (max-width: 640px) 100vw, 640px\" \/><figcaption class=\"wp-element-caption\">Tr\u00f3lebus ACF Brill fazendo a linha Aclima\u00e7\u00e3o &#8211; Centro em 1949.<br>SPTrans<\/figcaption><\/figure>\n\n\n\n<p>O sistema de tr\u00f3lebus de S\u00e3o Paulo deve comemorar 76 anos nesse 22 de abril. A linha acima citada ainda existe e os tr\u00f3lebus continuam a circular, mas hoje ele \u00e9 a sombra daquilo que j\u00e1 foi.&nbsp;<\/p>\n\n\n\n<p>H\u00e1 bastante o que se falar sobre o descaso com os tr\u00f3lebus, mas tamb\u00e9m muito h\u00e1 o que se falar sobre o descaso com as ferrovias, sobre os rumos da eletrifica\u00e7\u00e3o de nossas vidas que ainda s\u00e3o absurdamente dependente dos combust\u00edveis f\u00f3sseis e deve ser promovido com urg\u00eancia.&nbsp;<\/p>\n\n\n\n<p>Tamb\u00e9m h\u00e1 de se falar do uso do solo e nossa rela\u00e7\u00e3o com as cidades, al\u00e9m de questionar o futuro de nossas vidas em um mundo cada vez mais digitalizado onde o home office cresce e a intelig\u00eancia artificial libera nossas inseguran\u00e7as.&nbsp;<\/p>\n\n\n\n<p>Tudo isso e muito mais deve ser abordado nesse site mas precisamos de um ponto de partida, e dado a amea\u00e7a de extin\u00e7\u00e3o de todo um modal de transporte pairando no ar, falaremos sobre os tr\u00f3lebus.<\/p>\n","protected":false},"excerpt":{"rendered":"<p>No dia 22 de abril coincidem duas datas comemorativas que me inspiraram a finalmente criar esse site e publicar o que penso quanto a nossas cidades, nossa na\u00e7\u00e3o e nossa economia, com foco nos desafios que devemos encontrar ao longo do s\u00e9culo XXI. Antes de sequer imaginarmos a magnitude da emerg\u00eancia clim\u00e1tica da qual nos [&hellip;]<\/p>\n","protected":false},"author":1,"featured_media":0,"comment_status":"open","ping_status":"open","sticky":false,"template":"","format":"standard","meta":{"footnotes":""},"categories":[12],"tags":[19,16,15,18,17],"class_list":["post-54","post","type-post","status-publish","format-standard","hentry","category-editoriais","tag-dia-internacional-da-terra","tag-editorial","tag-posts","tag-tecnicidades","tag-trolebus"],"_links":{"self":[{"href":"https:\/\/tecnicidades.org\/index.php?rest_route=\/wp\/v2\/posts\/54","targetHints":{"allow":["GET"]}}],"collection":[{"href":"https:\/\/tecnicidades.org\/index.php?rest_route=\/wp\/v2\/posts"}],"about":[{"href":"https:\/\/tecnicidades.org\/index.php?rest_route=\/wp\/v2\/types\/post"}],"author":[{"embeddable":true,"href":"https:\/\/tecnicidades.org\/index.php?rest_route=\/wp\/v2\/users\/1"}],"replies":[{"embeddable":true,"href":"https:\/\/tecnicidades.org\/index.php?rest_route=%2Fwp%2Fv2%2Fcomments&post=54"}],"version-history":[{"count":1,"href":"https:\/\/tecnicidades.org\/index.php?rest_route=\/wp\/v2\/posts\/54\/revisions"}],"predecessor-version":[{"id":58,"href":"https:\/\/tecnicidades.org\/index.php?rest_route=\/wp\/v2\/posts\/54\/revisions\/58"}],"wp:attachment":[{"href":"https:\/\/tecnicidades.org\/index.php?rest_route=%2Fwp%2Fv2%2Fmedia&parent=54"}],"wp:term":[{"taxonomy":"category","embeddable":true,"href":"https:\/\/tecnicidades.org\/index.php?rest_route=%2Fwp%2Fv2%2Fcategories&post=54"},{"taxonomy":"post_tag","embeddable":true,"href":"https:\/\/tecnicidades.org\/index.php?rest_route=%2Fwp%2Fv2%2Ftags&post=54"}],"curies":[{"name":"wp","href":"https:\/\/api.w.org\/{rel}","templated":true}]}}